{"id":74,"date":"2019-03-11T20:55:59","date_gmt":"2019-03-11T20:55:59","guid":{"rendered":"http:\/\/www.ctc2018.cl\/?p=74"},"modified":"2020-04-27T00:41:19","modified_gmt":"2020-04-27T00:41:19","slug":"8m-historico-y-multitudinario-dia-internacional-de-la-mujer-trabajadora","status":"publish","type":"post","link":"https:\/\/www.confederaciondelcobre.cl\/index.php\/2019\/03\/11\/8m-historico-y-multitudinario-dia-internacional-de-la-mujer-trabajadora\/","title":{"rendered":"8M: hist\u00f3rico y multitudinario d\u00eda Internacional de la Mujer Trabajadora"},"content":{"rendered":"\n<p>8M: hist\u00f3rico y multitudinario d\u00eda Internacional de la Mujer Trabajadora<\/p>\n\n\n\n<p>Con una masiva convocatoria, no vista hace d\u00e9cadas en nuestro pa\u00eds, se desarroll\u00f3 el viernes 8 de marzo la hist\u00f3rica manifestaci\u00f3n en conmemoraci\u00f3n del D\u00eda Internacional de la Mujer Trabajadora.<\/p>\n\n\n\n<p>La convocatoria, hecha por la Coordinadora 8M, logr\u00f3 reunir en lo que fue una multitudinaria jornada a diversos sectores y organizaciones sociales en torno a las ya impostergables reivindicaciones de las mujeres de Chile y el mundo.&nbsp; Las protagonistas, una vez m\u00e1s, levantaron consignas que dicen relaci\u00f3n con la discriminaci\u00f3n y violencia a las que siguen siendo sometidas: la desigualdad laboral, previsional y en lo que a salud respecta, la ausencia de pol\u00edticas y legislaci\u00f3n que atiendan realmente lo antes mencionado, adem\u00e1s de las inaceptables -y cada vez mayores- cifras relacionadas a la violencia de g\u00e9nero, acoso y femicidios que evidentemente son producto de una cultura de sometimiento, discriminadora y machista que debe terminar para dar paso a una nueva, donde la igualdad de condiciones y derechos sea pilar fundamental.<\/p>\n\n\n\n<p>Ana Lamas Aguirre, presidenta de la Federaci\u00f3n de Sindicatos de El Salvador (FESAL, brazo org\u00e1nico de la CTC en el territorio) y Secretaria General de la Confederaci\u00f3n de Trabajadores del Cobre (CTC), se\u00f1al\u00f3 que esta movilizaci\u00f3n y nuestra presencia se debe &#8220;a la discriminaci\u00f3n y desigualdad que a lo largo de la historia han sufrido las mujeres en general y las mujeres trabajadoras en particular. Que a pesar de aquello las mujeres hemos ido ganando espacios y eso es lo que seguiremos haciendo como trabajadoras, como clase trabajadora&#8221;. Llam\u00f3 tambi\u00e9n a &#8220;mantener la memoria y vigencia sobre los DDHH que, como trabajadores, como mujeres y como personas, seguimos siendo sistem\u00e1ticamente vulnerados en nuestros derechos&#8221;. Destac\u00f3 adem\u00e1s que las mujeres contratistas y subcontratistas sufren una triple discriminaci\u00f3n: primero en lo salarial; segundo, por ser contratistas o subcontratistas y finalmente por ser mujeres. Es por ello que como organizaci\u00f3n mantenemos el compromiso con la causa y estaremos siempre presentes, finaliz\u00f3.<\/p>\n\n\n\n<p>A continuaci\u00f3n una galer\u00eda fotogr\u00e1fica de lo que fue la jornada de movilizaci\u00f3n por el D\u00eda Internacional de la Mujer Trabajadora:<\/p>\n\n\n\n<ul class=\"wp-block-gallery columns-3 is-cropped wp-block-gallery-1 is-layout-flex wp-block-gallery-is-layout-flex\"><li class=\"blocks-gallery-item\"><figure><img loading=\"lazy\" decoding=\"async\" width=\"800\" height=\"533\" src=\"http:\/\/www.ctc2018.cl\/wp-content\/uploads\/2019\/03\/IMG_1447.jpg\" alt=\"\" data-id=\"78\" data-link=\"http:\/\/www.ctc2018.cl\/index.php\/2019\/03\/11\/8m-historico-y-multitudinario-dia-internacional-de-la-mujer-trabajadora\/img_1447\/\" class=\"wp-image-78\" srcset=\"https:\/\/www.confederaciondelcobre.cl\/wp-content\/uploads\/2019\/03\/IMG_1447.jpg 800w, https:\/\/www.confederaciondelcobre.cl\/wp-content\/uploads\/2019\/03\/IMG_1447-300x200.jpg 300w, https:\/\/www.confederaciondelcobre.cl\/wp-content\/uploads\/2019\/03\/IMG_1447-768x512.jpg 768w\" sizes=\"auto, (max-width: 800px) 100vw, 800px\" \/><\/figure><\/li><li class=\"blocks-gallery-item\"><figure><img loading=\"lazy\" decoding=\"async\" width=\"800\" height=\"533\" src=\"http:\/\/www.ctc2018.cl\/wp-content\/uploads\/2019\/03\/IMG_1451.jpg\" alt=\"\" data-id=\"79\" data-link=\"http:\/\/www.ctc2018.cl\/index.php\/2019\/03\/11\/8m-historico-y-multitudinario-dia-internacional-de-la-mujer-trabajadora\/img_1451\/\" class=\"wp-image-79\" srcset=\"https:\/\/www.confederaciondelcobre.cl\/wp-content\/uploads\/2019\/03\/IMG_1451.jpg 800w, https:\/\/www.confederaciondelcobre.cl\/wp-content\/uploads\/2019\/03\/IMG_1451-300x200.jpg 300w, https:\/\/www.confederaciondelcobre.cl\/wp-content\/uploads\/2019\/03\/IMG_1451-768x512.jpg 768w\" sizes=\"auto, (max-width: 800px) 100vw, 800px\" \/><\/figure><\/li><li class=\"blocks-gallery-item\"><figure><img loading=\"lazy\" decoding=\"async\" width=\"800\" height=\"533\" src=\"http:\/\/www.ctc2018.cl\/wp-content\/uploads\/2019\/03\/IMG_1460.jpg\" alt=\"\" data-id=\"80\" data-link=\"http:\/\/www.ctc2018.cl\/index.php\/2019\/03\/11\/8m-historico-y-multitudinario-dia-internacional-de-la-mujer-trabajadora\/img_1460\/\" class=\"wp-image-80\" srcset=\"https:\/\/www.confederaciondelcobre.cl\/wp-content\/uploads\/2019\/03\/IMG_1460.jpg 800w, https:\/\/www.confederaciondelcobre.cl\/wp-content\/uploads\/2019\/03\/IMG_1460-300x200.jpg 300w, https:\/\/www.confederaciondelcobre.cl\/wp-content\/uploads\/2019\/03\/IMG_1460-768x512.jpg 768w\" sizes=\"auto, (max-width: 800px) 100vw, 800px\" \/><\/figure><\/li><li class=\"blocks-gallery-item\"><figure><img loading=\"lazy\" decoding=\"async\" width=\"800\" height=\"533\" src=\"http:\/\/www.ctc2018.cl\/wp-content\/uploads\/2019\/03\/IMG_1461.jpg\" alt=\"\" data-id=\"81\" data-link=\"http:\/\/www.ctc2018.cl\/index.php\/2019\/03\/11\/8m-historico-y-multitudinario-dia-internacional-de-la-mujer-trabajadora\/img_1461\/\" class=\"wp-image-81\" srcset=\"https:\/\/www.confederaciondelcobre.cl\/wp-content\/uploads\/2019\/03\/IMG_1461.jpg 800w, https:\/\/www.confederaciondelcobre.cl\/wp-content\/uploads\/2019\/03\/IMG_1461-300x200.jpg 300w, https:\/\/www.confederaciondelcobre.cl\/wp-content\/uploads\/2019\/03\/IMG_1461-768x512.jpg 768w\" sizes=\"auto, (max-width: 800px) 100vw, 800px\" \/><\/figure><\/li><li class=\"blocks-gallery-item\"><figure><img loading=\"lazy\" decoding=\"async\" width=\"800\" height=\"533\" src=\"http:\/\/www.ctc2018.cl\/wp-content\/uploads\/2019\/03\/IMG_1463.jpg\" alt=\"\" data-id=\"82\" data-link=\"http:\/\/www.ctc2018.cl\/index.php\/2019\/03\/11\/8m-historico-y-multitudinario-dia-internacional-de-la-mujer-trabajadora\/img_1463\/\" class=\"wp-image-82\" srcset=\"https:\/\/www.confederaciondelcobre.cl\/wp-content\/uploads\/2019\/03\/IMG_1463.jpg 800w, https:\/\/www.confederaciondelcobre.cl\/wp-content\/uploads\/2019\/03\/IMG_1463-300x200.jpg 300w, https:\/\/www.confederaciondelcobre.cl\/wp-content\/uploads\/2019\/03\/IMG_1463-768x512.jpg 768w\" sizes=\"auto, (max-width: 800px) 100vw, 800px\" \/><\/figure><\/li><li class=\"blocks-gallery-item\"><figure><img loading=\"lazy\" decoding=\"async\" width=\"800\" height=\"533\" src=\"http:\/\/www.ctc2018.cl\/wp-content\/uploads\/2019\/03\/IMG_1465.jpg\" alt=\"\" data-id=\"83\" data-link=\"http:\/\/www.ctc2018.cl\/index.php\/2019\/03\/11\/8m-historico-y-multitudinario-dia-internacional-de-la-mujer-trabajadora\/img_1465\/\" class=\"wp-image-83\" srcset=\"https:\/\/www.confederaciondelcobre.cl\/wp-content\/uploads\/2019\/03\/IMG_1465.jpg 800w, https:\/\/www.confederaciondelcobre.cl\/wp-content\/uploads\/2019\/03\/IMG_1465-300x200.jpg 300w, https:\/\/www.confederaciondelcobre.cl\/wp-content\/uploads\/2019\/03\/IMG_1465-768x512.jpg 768w\" sizes=\"auto, (max-width: 800px) 100vw, 800px\" \/><\/figure><\/li><li class=\"blocks-gallery-item\"><figure><img loading=\"lazy\" decoding=\"async\" width=\"800\" height=\"533\" src=\"http:\/\/www.ctc2018.cl\/wp-content\/uploads\/2019\/03\/IMG_1467.jpg\" alt=\"\" data-id=\"84\" data-link=\"http:\/\/www.ctc2018.cl\/index.php\/2019\/03\/11\/8m-historico-y-multitudinario-dia-internacional-de-la-mujer-trabajadora\/img_1467\/\" class=\"wp-image-84\" srcset=\"https:\/\/www.confederaciondelcobre.cl\/wp-content\/uploads\/2019\/03\/IMG_1467.jpg 800w, https:\/\/www.confederaciondelcobre.cl\/wp-content\/uploads\/2019\/03\/IMG_1467-300x200.jpg 300w, https:\/\/www.confederaciondelcobre.cl\/wp-content\/uploads\/2019\/03\/IMG_1467-768x512.jpg 768w\" sizes=\"auto, (max-width: 800px) 100vw, 800px\" \/><\/figure><\/li><li class=\"blocks-gallery-item\"><figure><img loading=\"lazy\" decoding=\"async\" width=\"800\" height=\"533\" src=\"http:\/\/www.ctc2018.cl\/wp-content\/uploads\/2019\/03\/IMG_1475.jpg\" alt=\"\" data-id=\"85\" data-link=\"http:\/\/www.ctc2018.cl\/index.php\/2019\/03\/11\/8m-historico-y-multitudinario-dia-internacional-de-la-mujer-trabajadora\/img_1475\/\" class=\"wp-image-85\" srcset=\"https:\/\/www.confederaciondelcobre.cl\/wp-content\/uploads\/2019\/03\/IMG_1475.jpg 800w, https:\/\/www.confederaciondelcobre.cl\/wp-content\/uploads\/2019\/03\/IMG_1475-300x200.jpg 300w, https:\/\/www.confederaciondelcobre.cl\/wp-content\/uploads\/2019\/03\/IMG_1475-768x512.jpg 768w\" sizes=\"auto, (max-width: 800px) 100vw, 800px\" \/><\/figure><\/li><li class=\"blocks-gallery-item\"><figure><img loading=\"lazy\" decoding=\"async\" width=\"800\" height=\"533\" src=\"http:\/\/www.ctc2018.cl\/wp-content\/uploads\/2019\/03\/IMG_1476.jpg\" alt=\"\" data-id=\"86\" data-link=\"http:\/\/www.ctc2018.cl\/index.php\/2019\/03\/11\/8m-historico-y-multitudinario-dia-internacional-de-la-mujer-trabajadora\/img_1476\/\" class=\"wp-image-86\" srcset=\"https:\/\/www.confederaciondelcobre.cl\/wp-content\/uploads\/2019\/03\/IMG_1476.jpg 800w, https:\/\/www.confederaciondelcobre.cl\/wp-content\/uploads\/2019\/03\/IMG_1476-300x200.jpg 300w, https:\/\/www.confederaciondelcobre.cl\/wp-content\/uploads\/2019\/03\/IMG_1476-768x512.jpg 768w\" sizes=\"auto, (max-width: 800px) 100vw, 800px\" \/><\/figure><\/li><li class=\"blocks-gallery-item\"><figure><img loading=\"lazy\" decoding=\"async\" width=\"800\" height=\"533\" src=\"http:\/\/www.ctc2018.cl\/wp-content\/uploads\/2019\/03\/IMG_1495.jpg\" alt=\"\" data-id=\"87\" data-link=\"http:\/\/www.ctc2018.cl\/index.php\/2019\/03\/11\/8m-historico-y-multitudinario-dia-internacional-de-la-mujer-trabajadora\/img_1495\/\" class=\"wp-image-87\" srcset=\"https:\/\/www.confederaciondelcobre.cl\/wp-content\/uploads\/2019\/03\/IMG_1495.jpg 800w, https:\/\/www.confederaciondelcobre.cl\/wp-content\/uploads\/2019\/03\/IMG_1495-300x200.jpg 300w, https:\/\/www.confederaciondelcobre.cl\/wp-content\/uploads\/2019\/03\/IMG_1495-768x512.jpg 768w\" sizes=\"auto, (max-width: 800px) 100vw, 800px\" \/><\/figure><\/li><li class=\"blocks-gallery-item\"><figure><img loading=\"lazy\" decoding=\"async\" width=\"800\" height=\"533\" src=\"http:\/\/www.ctc2018.cl\/wp-content\/uploads\/2019\/03\/IMG_1496.jpg\" alt=\"\" data-id=\"88\" data-link=\"http:\/\/www.ctc2018.cl\/index.php\/2019\/03\/11\/8m-historico-y-multitudinario-dia-internacional-de-la-mujer-trabajadora\/img_1496\/\" class=\"wp-image-88\" srcset=\"https:\/\/www.confederaciondelcobre.cl\/wp-content\/uploads\/2019\/03\/IMG_1496.jpg 800w, https:\/\/www.confederaciondelcobre.cl\/wp-content\/uploads\/2019\/03\/IMG_1496-300x200.jpg 300w, https:\/\/www.confederaciondelcobre.cl\/wp-content\/uploads\/2019\/03\/IMG_1496-768x512.jpg 768w\" sizes=\"auto, (max-width: 800px) 100vw, 800px\" \/><\/figure><\/li><li class=\"blocks-gallery-item\"><figure><img loading=\"lazy\" decoding=\"async\" width=\"800\" height=\"533\" src=\"http:\/\/www.ctc2018.cl\/wp-content\/uploads\/2019\/03\/IMG_1497.jpg\" alt=\"\" data-id=\"89\" data-link=\"http:\/\/www.ctc2018.cl\/index.php\/2019\/03\/11\/8m-historico-y-multitudinario-dia-internacional-de-la-mujer-trabajadora\/img_1497\/\" class=\"wp-image-89\" srcset=\"https:\/\/www.confederaciondelcobre.cl\/wp-content\/uploads\/2019\/03\/IMG_1497.jpg 800w, https:\/\/www.confederaciondelcobre.cl\/wp-content\/uploads\/2019\/03\/IMG_1497-300x200.jpg 300w, https:\/\/www.confederaciondelcobre.cl\/wp-content\/uploads\/2019\/03\/IMG_1497-768x512.jpg 768w\" sizes=\"auto, (max-width: 800px) 100vw, 800px\" \/><\/figure><\/li><li class=\"blocks-gallery-item\"><figure><img loading=\"lazy\" decoding=\"async\" width=\"800\" height=\"533\" src=\"http:\/\/www.ctc2018.cl\/wp-content\/uploads\/2019\/03\/IMG_1498.jpg\" alt=\"\" data-id=\"90\" data-link=\"http:\/\/www.ctc2018.cl\/index.php\/2019\/03\/11\/8m-historico-y-multitudinario-dia-internacional-de-la-mujer-trabajadora\/img_1498\/\" class=\"wp-image-90\" srcset=\"https:\/\/www.confederaciondelcobre.cl\/wp-content\/uploads\/2019\/03\/IMG_1498.jpg 800w, https:\/\/www.confederaciondelcobre.cl\/wp-content\/uploads\/2019\/03\/IMG_1498-300x200.jpg 300w, https:\/\/www.confederaciondelcobre.cl\/wp-content\/uploads\/2019\/03\/IMG_1498-768x512.jpg 768w\" sizes=\"auto, (max-width: 800px) 100vw, 800px\" \/><\/figure><\/li><li class=\"blocks-gallery-item\"><figure><img loading=\"lazy\" decoding=\"async\" width=\"800\" height=\"533\" src=\"http:\/\/www.ctc2018.cl\/wp-content\/uploads\/2019\/03\/IMG_1503.jpg\" alt=\"\" data-id=\"91\" data-link=\"http:\/\/www.ctc2018.cl\/index.php\/2019\/03\/11\/8m-historico-y-multitudinario-dia-internacional-de-la-mujer-trabajadora\/img_1503\/\" class=\"wp-image-91\" srcset=\"https:\/\/www.confederaciondelcobre.cl\/wp-content\/uploads\/2019\/03\/IMG_1503.jpg 800w, https:\/\/www.confederaciondelcobre.cl\/wp-content\/uploads\/2019\/03\/IMG_1503-300x200.jpg 300w, https:\/\/www.confederaciondelcobre.cl\/wp-content\/uploads\/2019\/03\/IMG_1503-768x512.jpg 768w\" sizes=\"auto, (max-width: 800px) 100vw, 800px\" \/><\/figure><\/li><\/ul>\n","protected":false},"excerpt":{"rendered":"<p>8M: hist\u00f3rico y multitudinario d\u00eda Internacional de la Mujer Trabajadora Con una masiva convocatoria, no vista hace d\u00e9cadas en nuestro pa\u00eds, se desarroll\u00f3 el viernes 8 de marzo la hist\u00f3rica &hellip; <\/p>\n","protected":false},"author":2,"featured_media":76,"comment_status":"open","ping_status":"open","sticky":false,"template":"","format":"standard","meta":{"jetpack_post_was_ever_published":false,"_jetpack_newsletter_access":"","_jetpack_dont_email_post_to_subs":false,"_jetpack_newsletter_tier_id":0,"_jetpack_memberships_contains_paywalled_content":false,"_jetpack_memberships_contains_paid_content":false,"footnotes":"","jetpack_publicize_message":"","jetpack_publicize_feature_enabled":true,"jetpack_social_post_already_shared":false,"jetpack_social_options":{"image_generator_settings":{"template":"highway","default_image_id":0,"enabled":false},"version":2}},"categories":[9,21,13,14,15,19],"tags":[],"class_list":["post-74","post","type-post","status-publish","format-standard","has-post-thumbnail","hentry","category-confederacion","category-federaciones","category-internacional","category-movimientos-sociales","category-nacional","category-trabajadores"],"jetpack_publicize_connections":[],"jetpack_featured_media_url":"https:\/\/www.confederaciondelcobre.cl\/wp-content\/uploads\/2019\/03\/Enc8M-1.jpg","jetpack_sharing_enabled":true,"post_mailing_queue_ids":[],"_links":{"self":[{"href":"https:\/\/www.confederaciondelcobre.cl\/index.php\/wp-json\/wp\/v2\/posts\/74","targetHints":{"allow":["GET"]}}],"collection":[{"href":"https:\/\/www.confederaciondelcobre.cl\/index.php\/wp-json\/wp\/v2\/posts"}],"about":[{"href":"https:\/\/www.confederaciondelcobre.cl\/index.php\/wp-json\/wp\/v2\/types\/post"}],"author":[{"embeddable":true,"href":"https:\/\/www.confederaciondelcobre.cl\/index.php\/wp-json\/wp\/v2\/users\/2"}],"replies":[{"embeddable":true,"href":"https:\/\/www.confederaciondelcobre.cl\/index.php\/wp-json\/wp\/v2\/comments?post=74"}],"version-history":[{"count":2,"href":"https:\/\/www.confederaciondelcobre.cl\/index.php\/wp-json\/wp\/v2\/posts\/74\/revisions"}],"predecessor-version":[{"id":92,"href":"https:\/\/www.confederaciondelcobre.cl\/index.php\/wp-json\/wp\/v2\/posts\/74\/revisions\/92"}],"wp:featuredmedia":[{"embeddable":true,"href":"https:\/\/www.confederaciondelcobre.cl\/index.php\/wp-json\/wp\/v2\/media\/76"}],"wp:attachment":[{"href":"https:\/\/www.confederaciondelcobre.cl\/index.php\/wp-json\/wp\/v2\/media?parent=74"}],"wp:term":[{"taxonomy":"category","embeddable":true,"href":"https:\/\/www.confederaciondelcobre.cl\/index.php\/wp-json\/wp\/v2\/categories?post=74"},{"taxonomy":"post_tag","embeddable":true,"href":"https:\/\/www.confederaciondelcobre.cl\/index.php\/wp-json\/wp\/v2\/tags?post=74"}],"curies":[{"name":"wp","href":"https:\/\/api.w.org\/{rel}","templated":true}]}}