{"id":766,"date":"2020-03-08T16:01:25","date_gmt":"2020-03-08T16:01:25","guid":{"rendered":"http:\/\/www.confederaciondelcobre.cl\/?p=766"},"modified":"2020-03-08T16:20:11","modified_gmt":"2020-03-08T16:20:11","slug":"este-8m2020-arriba-las-que-luchan-y-no-se-rinden-jamas","status":"publish","type":"post","link":"https:\/\/www.confederaciondelcobre.cl\/index.php\/2020\/03\/08\/este-8m2020-arriba-las-que-luchan-y-no-se-rinden-jamas\/","title":{"rendered":"Este #8M2020: Arriba las que luchan y no se rinden jam\u00e1s!"},"content":{"rendered":"\n<p>Hoy 08 de marzo de 2020, fecha en que se conmemora el <strong>D\u00eda Internacional de la Mujer Trabajadora<\/strong>, y que tiene su origen en el asesinato de sobre una centena de obreras textiles que reclamaban por mejores condiciones laborales en la ciudad de Nueva York, la <strong>Confederaci\u00f3n de Trabajadores del Cobre<\/strong>, organizaci\u00f3n obrera y de la miner\u00eda nacional de Chile, saluda y alienta el masivo y creciente n\u00famero de mujeres en decidida actitud de lucha por la conquista de sus derechos y por su emancipaci\u00f3n definitiva. Para ustedes, compa\u00f1eras, toda nuestra admiraci\u00f3n, cari\u00f1o y respeto.<\/p>\n\n\n\n<p><strong>\u00a1Porque los derechos de la mujer trabajadora son inter\u00e9s y reivindicaci\u00f3n de la clase trabajadora en su conjunto, porque solo con unidad, organizaci\u00f3n y lucha construiremos, por fin, una sociedad donde la humanidad sea libre, justa y solidaria, arriba las que luchan y no se rinden jam\u00e1s!<\/strong><\/p>\n\n\n\n<figure class=\"wp-block-image\"><img loading=\"lazy\" decoding=\"async\" width=\"640\" height=\"870\" src=\"http:\/\/www.confederaciondelcobre.cl\/wp-content\/uploads\/2020\/03\/08M.png\" alt=\"\" class=\"wp-image-769\" srcset=\"https:\/\/www.confederaciondelcobre.cl\/wp-content\/uploads\/2020\/03\/08M.png 640w, https:\/\/www.confederaciondelcobre.cl\/wp-content\/uploads\/2020\/03\/08M-221x300.png 221w\" sizes=\"auto, (max-width: 640px) 100vw, 640px\" \/><\/figure>\n","protected":false},"excerpt":{"rendered":"<p>Hoy 08 de marzo de 2020, fecha en que se conmemora el D\u00eda Internacional de la Mujer Trabajadora, y que tiene su origen en el asesinato de sobre una centena &hellip; <\/p>\n","protected":false},"author":2,"featured_media":767,"comment_status":"closed","ping_status":"closed","sticky":false,"template":"","format":"standard","meta":{"jetpack_post_was_ever_published":false,"_jetpack_newsletter_access":"","_jetpack_dont_email_post_to_subs":false,"_jetpack_newsletter_tier_id":0,"_jetpack_memberships_contains_paywalled_content":false,"_jetpack_memberships_contains_paid_content":false,"footnotes":"","jetpack_publicize_message":"","jetpack_publicize_feature_enabled":true,"jetpack_social_post_already_shared":false,"jetpack_social_options":{"image_generator_settings":{"template":"highway","default_image_id":0,"enabled":false},"version":2}},"categories":[8,9,13,14,15,19],"tags":[],"class_list":["post-766","post","type-post","status-publish","format-standard","has-post-thumbnail","hentry","category-comunicado","category-confederacion","category-internacional","category-movimientos-sociales","category-nacional","category-trabajadores"],"jetpack_publicize_connections":[],"jetpack_featured_media_url":"https:\/\/www.confederaciondelcobre.cl\/wp-content\/uploads\/2020\/03\/08M2020CTC.jpg","jetpack_sharing_enabled":true,"post_mailing_queue_ids":[],"_links":{"self":[{"href":"https:\/\/www.confederaciondelcobre.cl\/index.php\/wp-json\/wp\/v2\/posts\/766","targetHints":{"allow":["GET"]}}],"collection":[{"href":"https:\/\/www.confederaciondelcobre.cl\/index.php\/wp-json\/wp\/v2\/posts"}],"about":[{"href":"https:\/\/www.confederaciondelcobre.cl\/index.php\/wp-json\/wp\/v2\/types\/post"}],"author":[{"embeddable":true,"href":"https:\/\/www.confederaciondelcobre.cl\/index.php\/wp-json\/wp\/v2\/users\/2"}],"replies":[{"embeddable":true,"href":"https:\/\/www.confederaciondelcobre.cl\/index.php\/wp-json\/wp\/v2\/comments?post=766"}],"version-history":[{"count":3,"href":"https:\/\/www.confederaciondelcobre.cl\/index.php\/wp-json\/wp\/v2\/posts\/766\/revisions"}],"predecessor-version":[{"id":771,"href":"https:\/\/www.confederaciondelcobre.cl\/index.php\/wp-json\/wp\/v2\/posts\/766\/revisions\/771"}],"wp:featuredmedia":[{"embeddable":true,"href":"https:\/\/www.confederaciondelcobre.cl\/index.php\/wp-json\/wp\/v2\/media\/767"}],"wp:attachment":[{"href":"https:\/\/www.confederaciondelcobre.cl\/index.php\/wp-json\/wp\/v2\/media?parent=766"}],"wp:term":[{"taxonomy":"category","embeddable":true,"href":"https:\/\/www.confederaciondelcobre.cl\/index.php\/wp-json\/wp\/v2\/categories?post=766"},{"taxonomy":"post_tag","embeddable":true,"href":"https:\/\/www.confederaciondelcobre.cl\/index.php\/wp-json\/wp\/v2\/tags?post=766"}],"curies":[{"name":"wp","href":"https:\/\/api.w.org\/{rel}","templated":true}]}}