{"id":776,"date":"2020-03-11T19:50:57","date_gmt":"2020-03-11T19:50:57","guid":{"rendered":"http:\/\/www.confederaciondelcobre.cl\/?p=776"},"modified":"2020-03-11T19:50:58","modified_gmt":"2020-03-11T19:50:58","slug":"a-54-anos-de-la-masacre-de-el-salvador","status":"publish","type":"post","link":"https:\/\/www.confederaciondelcobre.cl\/index.php\/2020\/03\/11\/a-54-anos-de-la-masacre-de-el-salvador\/","title":{"rendered":"A 54 a\u00f1os de la Masacre de El Salvador"},"content":{"rendered":"\n<p>Un d\u00eda como hoy, de 1966, y durante una huelga que los trabajadores del campamento minero de El Salvador llevaban adelante en solidaridad con sus compa\u00f1eros de otras divisiones, que exig\u00edan mejoras salariales y laborales, se llev\u00f3 a cabo la \u201cMasacre de El Salvador\u201d. La criminal acci\u00f3n, ordenada por el gobierno de Frei Montalva y llevada a cabo por el Ej\u00e9rcito de Chile dej\u00f3 a dos mujeres y seis hombres como v\u00edctimas fatales.<\/p>\n\n\n\n<p>A 54 a\u00f1os de ese tr\u00e1gico d\u00eda, la Confederaci\u00f3n de Trabajadores del Cobre recordamos, a la vez que homenajeamos, a las v\u00edctimas y luchadores por la justicia social de ayer y hoy.<\/p>\n\n\n\n<figure class=\"wp-block-image\"><img loading=\"lazy\" decoding=\"async\" width=\"640\" height=\"640\" src=\"http:\/\/www.confederaciondelcobre.cl\/wp-content\/uploads\/2020\/03\/MasacreeElSalvador.jpg\" alt=\"\" class=\"wp-image-778\" srcset=\"https:\/\/www.confederaciondelcobre.cl\/wp-content\/uploads\/2020\/03\/MasacreeElSalvador.jpg 640w, https:\/\/www.confederaciondelcobre.cl\/wp-content\/uploads\/2020\/03\/MasacreeElSalvador-150x150.jpg 150w, https:\/\/www.confederaciondelcobre.cl\/wp-content\/uploads\/2020\/03\/MasacreeElSalvador-300x300.jpg 300w\" sizes=\"auto, (max-width: 640px) 100vw, 640px\" \/><\/figure>\n","protected":false},"excerpt":{"rendered":"<p>Un d\u00eda como hoy, de 1966, y durante una huelga que los trabajadores del campamento minero de El Salvador llevaban adelante en solidaridad con sus compa\u00f1eros de otras divisiones, que &hellip; <\/p>\n","protected":false},"author":2,"featured_media":777,"comment_status":"closed","ping_status":"closed","sticky":false,"template":"","format":"standard","meta":{"jetpack_post_was_ever_published":false,"_jetpack_newsletter_access":"","_jetpack_dont_email_post_to_subs":false,"_jetpack_newsletter_tier_id":0,"_jetpack_memberships_contains_paywalled_content":false,"_jetpack_memberships_contains_paid_content":false,"footnotes":"","jetpack_publicize_message":"","jetpack_publicize_feature_enabled":true,"jetpack_social_post_already_shared":false,"jetpack_social_options":{"image_generator_settings":{"template":"highway","default_image_id":0,"enabled":false},"version":2}},"categories":[9,19],"tags":[],"class_list":["post-776","post","type-post","status-publish","format-standard","has-post-thumbnail","hentry","category-confederacion","category-trabajadores"],"jetpack_publicize_connections":[],"jetpack_featured_media_url":"https:\/\/www.confederaciondelcobre.cl\/wp-content\/uploads\/2020\/03\/MESWCTC.jpg","jetpack_sharing_enabled":true,"post_mailing_queue_ids":[],"_links":{"self":[{"href":"https:\/\/www.confederaciondelcobre.cl\/index.php\/wp-json\/wp\/v2\/posts\/776","targetHints":{"allow":["GET"]}}],"collection":[{"href":"https:\/\/www.confederaciondelcobre.cl\/index.php\/wp-json\/wp\/v2\/posts"}],"about":[{"href":"https:\/\/www.confederaciondelcobre.cl\/index.php\/wp-json\/wp\/v2\/types\/post"}],"author":[{"embeddable":true,"href":"https:\/\/www.confederaciondelcobre.cl\/index.php\/wp-json\/wp\/v2\/users\/2"}],"replies":[{"embeddable":true,"href":"https:\/\/www.confederaciondelcobre.cl\/index.php\/wp-json\/wp\/v2\/comments?post=776"}],"version-history":[{"count":1,"href":"https:\/\/www.confederaciondelcobre.cl\/index.php\/wp-json\/wp\/v2\/posts\/776\/revisions"}],"predecessor-version":[{"id":779,"href":"https:\/\/www.confederaciondelcobre.cl\/index.php\/wp-json\/wp\/v2\/posts\/776\/revisions\/779"}],"wp:featuredmedia":[{"embeddable":true,"href":"https:\/\/www.confederaciondelcobre.cl\/index.php\/wp-json\/wp\/v2\/media\/777"}],"wp:attachment":[{"href":"https:\/\/www.confederaciondelcobre.cl\/index.php\/wp-json\/wp\/v2\/media?parent=776"}],"wp:term":[{"taxonomy":"category","embeddable":true,"href":"https:\/\/www.confederaciondelcobre.cl\/index.php\/wp-json\/wp\/v2\/categories?post=776"},{"taxonomy":"post_tag","embeddable":true,"href":"https:\/\/www.confederaciondelcobre.cl\/index.php\/wp-json\/wp\/v2\/tags?post=776"}],"curies":[{"name":"wp","href":"https:\/\/api.w.org\/{rel}","templated":true}]}}