{"id":781,"date":"2020-03-18T20:19:32","date_gmt":"2020-03-18T20:19:32","guid":{"rendered":"http:\/\/www.confederaciondelcobre.cl\/?p=781"},"modified":"2020-03-18T20:19:32","modified_gmt":"2020-03-18T20:19:32","slug":"ante-pandemia-covid-19-y-situacion-de-trabajadores-del-cobre-comunicado-ctc","status":"publish","type":"post","link":"https:\/\/www.confederaciondelcobre.cl\/index.php\/2020\/03\/18\/ante-pandemia-covid-19-y-situacion-de-trabajadores-del-cobre-comunicado-ctc\/","title":{"rendered":"Ante pandemia COVID-19 y situaci\u00f3n de trabajadores del cobre: Comunicado CTC"},"content":{"rendered":"\n<p style=\"text-align:center\"><strong>DECLARACI\u00d3N\nP\u00daBLICA<\/strong><\/p>\n\n\n\n<p>Ante\nla grave situaci\u00f3n de emergencia sanitaria que estamos viviendo, debido a los efectos\nde la llegada y propagaci\u00f3n pand\u00e9mica del <em>nuevo\nCoronavirus<\/em> (COVID-19) en nuestro pa\u00eds, que viene a sumarse a la profunda\ncrisis institucional, de credibilidad y representatividad de las autoridades,\njunto con la excesiva concentraci\u00f3n de la riqueza en manos de unos pocos, entre\notras, como Confederaci\u00f3n de Trabajadores del Cobre declaramos:<\/p>\n\n\n\n<ul class=\"wp-block-list\"><li>1.- En el presente contexto, las autoridades, junto con decretar esta ma\u00f1ana el <em>Estado de Excepci\u00f3n Constitucional de Cat\u00e1strofe<\/em> para todo el territorio nacional, que comenzar\u00e1 a regir a partir de las 00:00 horas de la madrugada de este jueves 19 de marzo, y que tendr\u00e1 una duraci\u00f3n de 90 d\u00edas, han hecho un llamado a ser solidarios para enfrentar como pueblo esta emergencia sanitaria. Sin embargo, y en esa misma perspectiva, como organizaci\u00f3n <strong>vemos con alarmante preocupaci\u00f3n la ausencia de medidas realmente efectivas ante el inminente riesgo de contagio y mayor propagaci\u00f3n al que se encuentran expuestos las y los trabajadores de la industria minera<\/strong>, por ejemplo, en aglomeraciones de miles de trabajadores en los casinos de alimentaci\u00f3n, casas de cambio de vestimenta, campamentos de alojamiento y en las terminales de transporte terrestre y a\u00e9reo, desde y hacia las zonas mineras, poniendo en inminente riesgo la salud de las y los trabajadores, de sus familias y el pa\u00eds en general.<\/li><\/ul>\n\n\n\n<ul class=\"wp-block-list\"><li>2.- Sabidos son los altos riesgos que implica la ejecuci\u00f3n de la labor minera que, junto con la constante preocupaci\u00f3n por nuestras familias que se encuentran lejos, se han visto innecesaria e irresponsablemente aumentados. <strong>Dicha situaci\u00f3n colabora sin duda a una potencial alza de accidentes y fatalidades<\/strong>.<\/li><\/ul>\n\n\n\n<ul class=\"wp-block-list\"><li>3.- <strong>No puede ser que las y los trabajadores<\/strong>, debido a la absoluta falta de solidaridad de las propias autoridades, <strong>sean puestos en la inhumana situaci\u00f3n de temer m\u00e1s a perder sus fuentes laborales o sufrir mermas remuneracionales, que a contagiarse a si mismos, a sus familias o al resto de la poblaci\u00f3n chilena<\/strong> \u00a1Esta situaci\u00f3n debe detenerse, ahora ya!<\/li><\/ul>\n\n\n\n<ul class=\"wp-block-list\"><li>4.- Las autoridades nos piden solidaridad, una solidaridad y sentido com\u00fan que ellas mismas junto a las empresas e industria en general carecen. Como organizaci\u00f3n nacional que agrupa a las y los trabajadores contratistas y subcontratistas de la miner\u00eda del cobre, <strong>llamamos al gobierno y autoridades pertinentes a tomar medidas reales y efectivas para evitar o suprimir las aglomeraciones se\u00f1aladas, permitiendo que las y los trabajadores permanezcan en sus hogares; que las actividades productivas se mantengan \u00fanicamente en procesos estrictamente esenciales y sean ejecutadas por trabajadores de las zonas espec\u00edficas, evitando su conversi\u00f3n en agentes de mayor propagaci\u00f3n, entre otras medidas.<\/strong> En especial, considerando la magnitud de la crisis, <strong>deber\u00e1 admitirse con preferencia la necesidad de permiso de las y los trabajadores que no puedan cumplir con ir a trabajar por razones derivadas de la pandemia COVID-19, proponiendo una suspensi\u00f3n de todos los despidos por motivos econ\u00f3micos por 60 d\u00edas<\/strong>, tal como se acaba de decretar en Italia, pues ninguna de estas medidas puede implicar perjuicio o menoscabo para las y los trabajadores.<\/li><\/ul>\n\n\n\n<ul class=\"wp-block-list\"><li>5.- <strong>Manifestamos que al no mediar estas y otras medidas que sean conducentes a la protecci\u00f3n de la salud e integridad de los trabajadores y la poblaci\u00f3n general<\/strong>, seremos los propios trabajadores quienes asumamos una posici\u00f3n proactiva, para cuidarnos a nosotros mismos, a nuestras familias y al pa\u00eds entero. Es en ese sentido, entonces, que <strong>orientamos a las y los trabajadores a tomar ya los debidos resguardos de exigir y hacer uso de sus derechos consagrados en el art\u00edculo 184 y 184 bis del C\u00f3digo del Trabajo<\/strong> que, por un lado, <strong>obliga al empleador \u201c(\u2026) a tomar todas las medidas necesarias para proteger eficazmente la vida y salud de los trabajadores, informando de los posibles riesgos y manteniendo las condiciones adecuadas de higiene y seguridad en las faenas, como tambi\u00e9n los implementos necesarios para prevenir accidentes y enfermedades profesionales (\u2026)\u201d<\/strong> y, por otro, <strong>\u201c(\u2026) cuando en el lugar de trabajo sobrevenga un riesgo grave e inminente para la vida o salud de los trabajadores (\u2026) (\u2026) el trabajador tendr\u00e1 derecho a interrumpir sus labores y, de ser necesario, abandonar el lugar de trabajo cuando considere, por motivos razonables, que continuar con ellas implica un riesgo grave e inminente para su vida o salud (\u2026)\u201d<\/strong>, se\u00f1alando adem\u00e1s que <strong>\u201c(\u2026) Los trabajadores no podr\u00e1n sufrir perjuicio o menoscabo alguno derivado de la adopci\u00f3n de las medidas se\u00f1aladas (\u2026)\u201d.<\/strong><\/li><\/ul>\n\n\n\n<ul class=\"wp-block-list\"><li>6.- Finalmente <strong>llamamos a las y los trabajadores de la miner\u00eda nacional a comunicar a sus empleadores, bajo los preceptos se\u00f1alados anteriormente en los art\u00edculos 184 y 184 bis del C\u00f3digo del Trabajo, y con el necesario respaldo y registro personal de dicha comunicaci\u00f3n, que interrumpen o abandonan sus labores debido a que no existen las condiciones para proteger la vida y salud de los trabajadores<\/strong>.  Para ello, las y los trabajadores despedidos en represalia por haber cautelado su derecho a la vida y la salud, podr\u00e1n acudir a la Inspecci\u00f3n del Trabajo y los Tribunales Laborales a entablar las acciones correspondientes. <\/li><\/ul>\n\n\n\n<p>Se\nnos presenta el COVID-19 como una grave crisis sanitaria y asumimos que efectivamente\nlo es. Pero tambi\u00e9n es efectivo que dicha situaci\u00f3n nos ataca en el contexto de\nun pa\u00eds sumido en una profunda crisis que abarca todos los \u00e1mbitos de la vida\nnacional. Se trata de una crisis econ\u00f3mica, social y pol\u00edtica que el pueblo\nviene sufriendo hace d\u00e9cadas. No es, por tanto, s\u00f3lo una crisis de la salud. Es\nuna crisis de la educaci\u00f3n, de la previsi\u00f3n y la seguridad social, de la vivienda,\ndel empleo y las relaciones laborales, de la credibilidad de las autoridades,\nde la igualdad de derechos, de la distribuci\u00f3n de la riqueza, en fin, del\nactual sistema y modelo econ\u00f3mico que no resiste m\u00e1s. <\/p>\n\n\n\n<p style=\"text-align:center\"><strong>CONFEDERACI\u00d3N\nDE TRABAJADORES DEL COBRE<\/strong><\/p>\n\n\n\n<p style=\"text-align:right\">Chile, 18 de marzo de 2020.<\/p>\n\n\n\n<figure class=\"wp-block-image\"><img loading=\"lazy\" decoding=\"async\" width=\"627\" height=\"1024\" src=\"http:\/\/www.confederaciondelcobre.cl\/wp-content\/uploads\/2020\/03\/ComCTC-14-03-2020-pag1-627x1024.png\" alt=\"\" class=\"wp-image-785\" srcset=\"https:\/\/www.confederaciondelcobre.cl\/wp-content\/uploads\/2020\/03\/ComCTC-14-03-2020-pag1-627x1024.png 627w, https:\/\/www.confederaciondelcobre.cl\/wp-content\/uploads\/2020\/03\/ComCTC-14-03-2020-pag1-184x300.png 184w, https:\/\/www.confederaciondelcobre.cl\/wp-content\/uploads\/2020\/03\/ComCTC-14-03-2020-pag1-768x1255.png 768w\" sizes=\"auto, (max-width: 627px) 100vw, 627px\" \/><\/figure>\n\n\n\n<figure class=\"wp-block-image\"><img loading=\"lazy\" decoding=\"async\" width=\"627\" height=\"1024\" src=\"http:\/\/www.confederaciondelcobre.cl\/wp-content\/uploads\/2020\/03\/ComCTC-14-03-2020-pag2-627x1024.png\" alt=\"\" class=\"wp-image-786\" srcset=\"https:\/\/www.confederaciondelcobre.cl\/wp-content\/uploads\/2020\/03\/ComCTC-14-03-2020-pag2-627x1024.png 627w, https:\/\/www.confederaciondelcobre.cl\/wp-content\/uploads\/2020\/03\/ComCTC-14-03-2020-pag2-184x300.png 184w, https:\/\/www.confederaciondelcobre.cl\/wp-content\/uploads\/2020\/03\/ComCTC-14-03-2020-pag2-768x1255.png 768w\" sizes=\"auto, (max-width: 627px) 100vw, 627px\" \/><\/figure>\n","protected":false},"excerpt":{"rendered":"<p>DECLARACI\u00d3N P\u00daBLICA Ante la grave situaci\u00f3n de emergencia sanitaria que estamos viviendo, debido a los efectos de la llegada y propagaci\u00f3n pand\u00e9mica del nuevo Coronavirus (COVID-19) en nuestro pa\u00eds, que &hellip; <\/p>\n","protected":false},"author":2,"featured_media":782,"comment_status":"closed","ping_status":"closed","sticky":false,"template":"","format":"standard","meta":{"jetpack_post_was_ever_published":false,"_jetpack_newsletter_access":"","_jetpack_dont_email_post_to_subs":false,"_jetpack_newsletter_tier_id":0,"_jetpack_memberships_contains_paywalled_content":false,"_jetpack_memberships_contains_paid_content":false,"footnotes":"","jetpack_publicize_message":"","jetpack_publicize_feature_enabled":true,"jetpack_social_post_already_shared":false,"jetpack_social_options":{"image_generator_settings":{"template":"highway","default_image_id":0,"enabled":false},"version":2}},"categories":[8,9,15,19],"tags":[],"class_list":["post-781","post","type-post","status-publish","format-standard","has-post-thumbnail","hentry","category-comunicado","category-confederacion","category-nacional","category-trabajadores"],"jetpack_publicize_connections":[],"jetpack_featured_media_url":"https:\/\/www.confederaciondelcobre.cl\/wp-content\/uploads\/2020\/03\/EncCom14032020.jpg","jetpack_sharing_enabled":true,"post_mailing_queue_ids":[],"_links":{"self":[{"href":"https:\/\/www.confederaciondelcobre.cl\/index.php\/wp-json\/wp\/v2\/posts\/781","targetHints":{"allow":["GET"]}}],"collection":[{"href":"https:\/\/www.confederaciondelcobre.cl\/index.php\/wp-json\/wp\/v2\/posts"}],"about":[{"href":"https:\/\/www.confederaciondelcobre.cl\/index.php\/wp-json\/wp\/v2\/types\/post"}],"author":[{"embeddable":true,"href":"https:\/\/www.confederaciondelcobre.cl\/index.php\/wp-json\/wp\/v2\/users\/2"}],"replies":[{"embeddable":true,"href":"https:\/\/www.confederaciondelcobre.cl\/index.php\/wp-json\/wp\/v2\/comments?post=781"}],"version-history":[{"count":4,"href":"https:\/\/www.confederaciondelcobre.cl\/index.php\/wp-json\/wp\/v2\/posts\/781\/revisions"}],"predecessor-version":[{"id":789,"href":"https:\/\/www.confederaciondelcobre.cl\/index.php\/wp-json\/wp\/v2\/posts\/781\/revisions\/789"}],"wp:featuredmedia":[{"embeddable":true,"href":"https:\/\/www.confederaciondelcobre.cl\/index.php\/wp-json\/wp\/v2\/media\/782"}],"wp:attachment":[{"href":"https:\/\/www.confederaciondelcobre.cl\/index.php\/wp-json\/wp\/v2\/media?parent=781"}],"wp:term":[{"taxonomy":"category","embeddable":true,"href":"https:\/\/www.confederaciondelcobre.cl\/index.php\/wp-json\/wp\/v2\/categories?post=781"},{"taxonomy":"post_tag","embeddable":true,"href":"https:\/\/www.confederaciondelcobre.cl\/index.php\/wp-json\/wp\/v2\/tags?post=781"}],"curies":[{"name":"wp","href":"https:\/\/api.w.org\/{rel}","templated":true}]}}