{"id":815,"date":"2020-03-16T11:47:00","date_gmt":"2020-03-16T11:47:00","guid":{"rendered":"http:\/\/www.confederaciondelcobre.cl\/?p=815"},"modified":"2020-04-26T23:20:12","modified_gmt":"2020-04-26T23:20:12","slug":"proceso-de-postulacion-para-becas-de-educacion-superior-por-acuerdo-marco-ctc-codelco-ano-2020","status":"publish","type":"post","link":"https:\/\/www.confederaciondelcobre.cl\/index.php\/2020\/03\/16\/proceso-de-postulacion-para-becas-de-educacion-superior-por-acuerdo-marco-ctc-codelco-ano-2020\/","title":{"rendered":"Proceso de postulaci\u00f3n para Becas de Educaci\u00f3n Superior por Acuerdo Marco CTC-Codelco, a\u00f1o 2020."},"content":{"rendered":"\n<p>Compa\u00f1eras y Compa\u00f1eros, comunicamos que <strong>ya se ha iniciado el proceso de postulaci\u00f3n a las Becas de Excelencia Acad\u00e9mica de Educaci\u00f3n Superior para este a\u00f1o 2020.<\/strong> Las becas, conquistadas gracias al Acuerdo Marco firmado entre la Confederaci\u00f3n de Trabajadores del Cobre (CTC), Agema y Codelco el a\u00f1o 2007, <strong>establecen una cantidad de 2.800 cupos <\/strong>por un total de $786.000 brutos c\/u por cada benefciaro y est\u00e1n destinadas a <strong>los hijos, c\u00f3nyuges o convivientes -independiente de su orientaci\u00f3n sexual- de las y los trabajadores contratistas y subcontratistas, o los propios compa\u00f1eros que prestan sus servicios de manera permanente, cont\u00ednua y exclusiva a las Empresas Contratistas, en los recintos industriales o establecimientos productivos, o administrativos de las divisiones productivas y Casa Matriz de Codelco Chile, por un per\u00edodo m\u00ednimo de un mes calendario. <\/strong><\/p>\n\n\n\n<p><strong>Los plazos para la postulaci\u00f3n y entrega de antecedentes son desde el lunes 16 de marzo hasta el mi\u00e9rcoles 15 de abril<\/strong>, por lo que ya pueden hacerlo ingresando al sitio de la OTIC de la C\u00e1mara Chilena de la Construcci\u00f3n <strong>(<a href=\"http:\/\/www.oticdelaconstruccion.cl\/fondos2020\">haciendo click aqu\u00ed<\/a>) <\/strong>y seleccionar la opci\u00f3n \u201cBecas de Educaci\u00f3n Superior\u201d. Una vez all\u00ed, en el bot\u00f3n &#8220;ingresar&#8221;, el trabajador debe ingresar su rut, para continuar con el proceso de postulaci\u00f3n. <\/p>\n\n\n\n<p><strong>Nota<\/strong>: para mayores antecedentes, respecto de las bases o requisitos, tambi\u00e9n se encuentra (en el mismo sitio, ya en la secci\u00f3n Becas) el ingreso a dicha informaci\u00f3n. <\/p>\n\n\n\n<p>Las y los trabajadores agrupados y organizados en La Confederaci\u00f3n de Trabajadores del Cobre, a partir de la conquista y firma del Acuerdo Marco con Codelco Chile el a\u00f1o 2007, han logrado una serie de derechos y beneficios, entre ellos el acceso a Becas de Educaci\u00f3n Superior, por lo que reiteramos el llamado a hacer sus postulaciones y seguir su proceso.<\/p>\n\n\n\n<figure class=\"wp-block-image\"><img loading=\"lazy\" decoding=\"async\" width=\"720\" height=\"720\" src=\"http:\/\/www.confederaciondelcobre.cl\/wp-content\/uploads\/2020\/03\/Becas-de-Excelencia-Academica-Codelco.jpg\" alt=\"\" class=\"wp-image-820\" srcset=\"https:\/\/www.confederaciondelcobre.cl\/wp-content\/uploads\/2020\/03\/Becas-de-Excelencia-Academica-Codelco.jpg 720w, https:\/\/www.confederaciondelcobre.cl\/wp-content\/uploads\/2020\/03\/Becas-de-Excelencia-Academica-Codelco-150x150.jpg 150w, https:\/\/www.confederaciondelcobre.cl\/wp-content\/uploads\/2020\/03\/Becas-de-Excelencia-Academica-Codelco-300x300.jpg 300w\" sizes=\"auto, (max-width: 720px) 100vw, 720px\" \/><figcaption>Calendario de proceso de postulaci\u00f3n y adjudicaci\u00f3n de Becas.<\/figcaption><\/figure>\n","protected":false},"excerpt":{"rendered":"<p>Compa\u00f1eras y Compa\u00f1eros, comunicamos que ya se ha iniciado el proceso de postulaci\u00f3n a las Becas de Excelencia Acad\u00e9mica de Educaci\u00f3n Superior para este a\u00f1o 2020. Las becas, conquistadas gracias &hellip; <\/p>\n","protected":false},"author":2,"featured_media":816,"comment_status":"closed","ping_status":"closed","sticky":false,"template":"","format":"standard","meta":{"jetpack_post_was_ever_published":false,"_jetpack_newsletter_access":"","_jetpack_dont_email_post_to_subs":false,"_jetpack_newsletter_tier_id":0,"_jetpack_memberships_contains_paywalled_content":false,"_jetpack_memberships_contains_paid_content":false,"footnotes":"","jetpack_publicize_message":"","jetpack_publicize_feature_enabled":true,"jetpack_social_post_already_shared":false,"jetpack_social_options":{"image_generator_settings":{"template":"highway","default_image_id":0,"enabled":false},"version":2}},"categories":[23,9,21],"tags":[],"class_list":["post-815","post","type-post","status-publish","format-standard","has-post-thumbnail","hentry","category-acuerdo-marco-codelco","category-confederacion","category-federaciones"],"jetpack_publicize_connections":[],"jetpack_featured_media_url":"https:\/\/www.confederaciondelcobre.cl\/wp-content\/uploads\/2020\/03\/PortadaBecas-CTC-Codelco.jpg","jetpack_sharing_enabled":true,"post_mailing_queue_ids":[],"_links":{"self":[{"href":"https:\/\/www.confederaciondelcobre.cl\/index.php\/wp-json\/wp\/v2\/posts\/815","targetHints":{"allow":["GET"]}}],"collection":[{"href":"https:\/\/www.confederaciondelcobre.cl\/index.php\/wp-json\/wp\/v2\/posts"}],"about":[{"href":"https:\/\/www.confederaciondelcobre.cl\/index.php\/wp-json\/wp\/v2\/types\/post"}],"author":[{"embeddable":true,"href":"https:\/\/www.confederaciondelcobre.cl\/index.php\/wp-json\/wp\/v2\/users\/2"}],"replies":[{"embeddable":true,"href":"https:\/\/www.confederaciondelcobre.cl\/index.php\/wp-json\/wp\/v2\/comments?post=815"}],"version-history":[{"count":9,"href":"https:\/\/www.confederaciondelcobre.cl\/index.php\/wp-json\/wp\/v2\/posts\/815\/revisions"}],"predecessor-version":[{"id":861,"href":"https:\/\/www.confederaciondelcobre.cl\/index.php\/wp-json\/wp\/v2\/posts\/815\/revisions\/861"}],"wp:featuredmedia":[{"embeddable":true,"href":"https:\/\/www.confederaciondelcobre.cl\/index.php\/wp-json\/wp\/v2\/media\/816"}],"wp:attachment":[{"href":"https:\/\/www.confederaciondelcobre.cl\/index.php\/wp-json\/wp\/v2\/media?parent=815"}],"wp:term":[{"taxonomy":"category","embeddable":true,"href":"https:\/\/www.confederaciondelcobre.cl\/index.php\/wp-json\/wp\/v2\/categories?post=815"},{"taxonomy":"post_tag","embeddable":true,"href":"https:\/\/www.confederaciondelcobre.cl\/index.php\/wp-json\/wp\/v2\/tags?post=815"}],"curies":[{"name":"wp","href":"https:\/\/api.w.org\/{rel}","templated":true}]}}