{"id":848,"date":"2020-04-01T23:16:06","date_gmt":"2020-04-01T23:16:06","guid":{"rendered":"http:\/\/www.confederaciondelcobre.cl\/?p=848"},"modified":"2020-04-26T23:17:37","modified_gmt":"2020-04-26T23:17:37","slug":"covid-19-feminort-interpone-denuncia-ante-inspeccion-del-trabajo-de-iquique-y-solo-responde-la-seremi-de-salud-de-tarapaca","status":"publish","type":"post","link":"https:\/\/www.confederaciondelcobre.cl\/index.php\/2020\/04\/01\/covid-19-feminort-interpone-denuncia-ante-inspeccion-del-trabajo-de-iquique-y-solo-responde-la-seremi-de-salud-de-tarapaca\/","title":{"rendered":"COVID-19: FEMINORT interpone denuncia ante Inspecci\u00f3n del Trabajo de Iquique y solo responde la SEREMI de Salud de Tarapac\u00e1."},"content":{"rendered":"\n<p><strong>La denuncia<\/strong>, interpuesta el 18 de marzo por la Federaci\u00f3n Minera del Norte (FEMINORT), que es brazo org\u00e1nico de la Confederaci\u00f3n de Trabajadores del Cobre (CTC) en la Regi\u00f3n de Tarapac\u00e1, fue&nbsp;<strong>dirigida a la Inspecci\u00f3n del Trabajo de Iquique y con copia a la Secretar\u00eda Regional Ministerial de Salud (SEREMI) de Tarapac\u00e1. En ella se solicit\u00f3 la fiscalizaci\u00f3n y el cese de funciones de las faenas mineras de Do\u00f1a In\u00e9s de Collahuasi y Teck Quebrada Blanca. Esto \u201ccon motivo de la emergencia epidemiol\u00f3gica que est\u00e1 viviendo el pa\u00eds\u201d<\/strong>, refiri\u00e9ndose particularmente al inminente riesgo de contagio por COVID-19 que viven los trabajadores mineros en la zona.<\/p>\n\n\n\n<p>El documento, en lo principal, <strong>expone la necesidad de que dichas faenas mineras &#8220;cesen sus funciones a la brevedad, ya que son un foco de contagio latente&#8221;<\/strong> considerando las condiciones en que los trabajadores desempe\u00f1an sus funciones:<\/p>\n\n\n\n<ul class=\"wp-block-list\"><li> Temperaturas que llegan a los 15\u00ba bajo cero;<\/li><li>(en &#8220;paradas de planta&#8221;) habitaciones de reducido tama\u00f1o para dos e incluso cuatro trabajadores;<\/li><li>Comedores comunes que concentran a m\u00e1s de 500 trabajadores;<\/li><li>Traslado de trabajadores en buses para m\u00e1s de 40 personas;<\/li><li>La ida y venida (a las faenas) de trabajadores de diferentes ciudades, con el evidente riesgo de contagio y propagaci\u00f3n del virus hacia todo el pa\u00eds;<\/li><li>Extensas jornadas laborales de 12 horas.<\/li><\/ul>\n\n\n\n<div class=\"wp-block-image\"><figure class=\"aligncenter is-resized\"><img loading=\"lazy\" decoding=\"async\" src=\"http:\/\/www.confederaciondelcobre.cl\/wp-content\/uploads\/2020\/04\/Denuncia-ITIQQ.jpg\" alt=\"\" class=\"wp-image-850\" width=\"328\" height=\"442\" srcset=\"https:\/\/www.confederaciondelcobre.cl\/wp-content\/uploads\/2020\/04\/Denuncia-ITIQQ.jpg 478w, https:\/\/www.confederaciondelcobre.cl\/wp-content\/uploads\/2020\/04\/Denuncia-ITIQQ-223x300.jpg 223w\" sizes=\"auto, (max-width: 328px) 100vw, 328px\" \/><figcaption>Denuncia interpuesta el 18 de marzo de 2020 ante la Inspecci\u00f3n del Trabajo de Iquique.<\/figcaption><\/figure><\/div>\n\n\n\n<h4 class=\"wp-block-heading\"><strong>Respuestas, hasta ahora, solo ha habido de parte de la SEREMI de Salud de Tarapac\u00e1<\/strong>.<\/h4>\n\n\n\n<p>En el documento recibido ayer 31 de marzo, <strong>enviado desde la SEREMI de Salud de Tarapac\u00e1<\/strong>,<strong> se resuelve establecer una serie de &#8220;medidas preventivas COVID-19 para los lugares de Trabajo de la regi\u00f3n de Tarapac\u00e1&#8221;,<\/strong> refiri\u00e9ndose b\u00e1sicamente al <strong>&#8220;transporte personal&#8221;<\/strong> y <strong>&#8220;lugares de trabajo en general&#8221;<\/strong>. Medidas que por cierto si se implementaran de manera efectiva ayudar\u00edan a mitigar los riesgos de contagio y propagaci\u00f3n del COVID-19, pero seg\u00fan la constataci\u00f3n y denuncias hechas por los mismos trabajadores, estas han sido insuficientes o derechamente no se han implementado adecuadamente manteni\u00e9ndose un alto e inminente riesgo salud y contagio.<\/p>\n\n\n\n<p style=\"text-align:center\"><strong>Respuesta de la SEREMI de Salud de Tarapac\u00e1:<\/strong><br><div class=\"su-image-carousel  su-image-carousel-has-spacing su-image-carousel-has-outline su-image-carousel-adaptive su-image-carousel-slides-style-minimal su-image-carousel-controls-style-dark su-image-carousel-align-center\" style=\"max-width:40%\" data-flickity-options='{\"groupCells\":true,\"cellSelector\":\".su-image-carousel-item\",\"adaptiveHeight\":true,\"cellAlign\":\"left\",\"prevNextButtons\":true,\"pageDots\":true,\"autoPlay\":2000,\"imagesLoaded\":true,\"contain\":false,\"selectedAttraction\":0.15,\"friction\":1}' id=\"su_image_carousel_69f30abab2b3e\"><div class=\"su-image-carousel-item\"><div class=\"su-image-carousel-item-content\"><img loading=\"lazy\" decoding=\"async\" width=\"198\" height=\"300\" src=\"https:\/\/www.confederaciondelcobre.cl\/wp-content\/uploads\/2020\/04\/1-198x300.jpg\" class=\"\" alt=\"\" srcset=\"https:\/\/www.confederaciondelcobre.cl\/wp-content\/uploads\/2020\/04\/1-198x300.jpg 198w, https:\/\/www.confederaciondelcobre.cl\/wp-content\/uploads\/2020\/04\/1.jpg 600w\" sizes=\"auto, (max-width: 198px) 100vw, 198px\" \/><\/div><\/div><div class=\"su-image-carousel-item\"><div class=\"su-image-carousel-item-content\"><img loading=\"lazy\" decoding=\"async\" width=\"198\" height=\"300\" src=\"https:\/\/www.confederaciondelcobre.cl\/wp-content\/uploads\/2020\/04\/2-198x300.jpg\" class=\"\" alt=\"\" srcset=\"https:\/\/www.confederaciondelcobre.cl\/wp-content\/uploads\/2020\/04\/2-198x300.jpg 198w, https:\/\/www.confederaciondelcobre.cl\/wp-content\/uploads\/2020\/04\/2.jpg 600w\" sizes=\"auto, (max-width: 198px) 100vw, 198px\" \/><\/div><\/div><div class=\"su-image-carousel-item\"><div class=\"su-image-carousel-item-content\"><img loading=\"lazy\" decoding=\"async\" width=\"198\" height=\"300\" src=\"https:\/\/www.confederaciondelcobre.cl\/wp-content\/uploads\/2020\/04\/3-198x300.jpg\" class=\"\" alt=\"\" srcset=\"https:\/\/www.confederaciondelcobre.cl\/wp-content\/uploads\/2020\/04\/3-198x300.jpg 198w, https:\/\/www.confederaciondelcobre.cl\/wp-content\/uploads\/2020\/04\/3.jpg 600w\" sizes=\"auto, (max-width: 198px) 100vw, 198px\" \/><\/div><\/div><div class=\"su-image-carousel-item\"><div class=\"su-image-carousel-item-content\"><img loading=\"lazy\" decoding=\"async\" width=\"198\" height=\"300\" src=\"https:\/\/www.confederaciondelcobre.cl\/wp-content\/uploads\/2020\/04\/4-198x300.jpg\" class=\"\" alt=\"\" srcset=\"https:\/\/www.confederaciondelcobre.cl\/wp-content\/uploads\/2020\/04\/4-198x300.jpg 198w, https:\/\/www.confederaciondelcobre.cl\/wp-content\/uploads\/2020\/04\/4.jpg 600w\" sizes=\"auto, (max-width: 198px) 100vw, 198px\" \/><\/div><\/div><\/div><script id=\"su_image_carousel_69f30abab2b3e_script\">if(window.SUImageCarousel){setTimeout(function() {window.SUImageCarousel.initGallery(document.getElementById(\"su_image_carousel_69f30abab2b3e\"))}, 0);}var su_image_carousel_69f30abab2b3e_script=document.getElementById(\"su_image_carousel_69f30abab2b3e_script\");if(su_image_carousel_69f30abab2b3e_script){su_image_carousel_69f30abab2b3e_script.parentNode.removeChild(su_image_carousel_69f30abab2b3e_script);}<\/script>\n\n\n\n<p><strong>cabe se\u00f1alar que sobre la solicitud de fondo en la denuncia presentada por la FEMINORT, que se refiere al cese de funciones de las faenas mineras de Do\u00f1a In\u00e9s de Collahuasi y Teck Quebrada Blanca, la SEREMI de Salud de Tarapac\u00e1 no se ha manifestado.<\/strong><\/p>\n\n\n\n<p>Por otra parte, <strong>la Inspecci\u00f3n Provincial del Trabajo de Iquique<\/strong>, a qui\u00e9n la denuncia y solicitud fue dirigida en primer t\u00e9rmino, <strong>no solo no se ha referido respecto del cese de funciones, sino que hasta la fecha no ha respondido nada<\/strong>.<\/p>\n\n\n\n<p><strong>Francisco Cabezas Cort\u00e9s<\/strong>, Presidente de la FEMINORT y Vicepresidente de la CUT Iquique, <strong>manifest\u00f3 su preocupaci\u00f3n<\/strong> ante la desigual implementaci\u00f3n de medidas de seguridad y salud para los trabajadores en la presente crisis sanitaria, <strong>indicando que &#8220;las medidas que se han adoptado para los trabajadores contratistas y subcontratistas son distintas e incluso muy inferiores en comparaci\u00f3n a las que se han implementado para los de planta, dejando al descubierto, una vez m\u00e1s, la existencia de trabajadores de primera, segunda y tercera clase<\/strong>.<strong> Es as\u00ed que como Federaci\u00f3n mantenemos nuestra palabra, se\u00f1alando que lo \u00fanico efectivo para evitar una mayor cantidad de contagios y propagaci\u00f3n del Coronavirus es el cese de faenas, tal y como solicitamos en la denuncia enviada a la Inspecci\u00f3n del Trabajo de Iquique, tal y como lo hizo la minera Teck paralizando su proyecto de expansi\u00f3n Quebrada Blanca II. Con esto, y debido a la insuficiencia de las medidas adoptadas, los trabajadores y sus familias podr\u00edan tener un poco de tranquilidad&#8221;<\/strong>. <\/p>\n\n\n\n<p>Para finalizar, el Presidente de la FEMINORT, llam\u00f3 a las mineras a jugar un rol mas protag\u00f3nico y ayudar a la comunidad, en primer lugar con el cese de las faenas y ayudando con el financiamiento de medidas que puedan paliar la crisis sanitaria en la regi\u00f3n. Una regi\u00f3n que, adem\u00e1s, y como todos saben, se ve afectada con la extracci\u00f3n de sus recursos h\u00eddricos y minerales.<\/p>\n","protected":false},"excerpt":{"rendered":"<p>La denuncia, interpuesta el 18 de marzo por la Federaci\u00f3n Minera del Norte (FEMINORT), que es brazo org\u00e1nico de la Confederaci\u00f3n de Trabajadores del Cobre (CTC) en la Regi\u00f3n de &hellip; <\/p>\n","protected":false},"author":2,"featured_media":879,"comment_status":"closed","ping_status":"closed","sticky":false,"template":"","format":"standard","meta":{"jetpack_post_was_ever_published":false,"_jetpack_newsletter_access":"","_jetpack_dont_email_post_to_subs":false,"_jetpack_newsletter_tier_id":0,"_jetpack_memberships_contains_paywalled_content":false,"_jetpack_memberships_contains_paid_content":false,"footnotes":"","jetpack_publicize_message":"","jetpack_publicize_feature_enabled":true,"jetpack_social_post_already_shared":false,"jetpack_social_options":{"image_generator_settings":{"template":"highway","default_image_id":0,"enabled":false},"version":2}},"categories":[9,21,22],"tags":[],"class_list":["post-848","post","type-post","status-publish","format-standard","has-post-thumbnail","hentry","category-confederacion","category-federaciones","category-feminort"],"jetpack_publicize_connections":[],"jetpack_featured_media_url":"https:\/\/www.confederaciondelcobre.cl\/wp-content\/uploads\/2020\/04\/PortadaDenunciaITIQQ.jpg","jetpack_sharing_enabled":true,"post_mailing_queue_ids":[],"_links":{"self":[{"href":"https:\/\/www.confederaciondelcobre.cl\/index.php\/wp-json\/wp\/v2\/posts\/848","targetHints":{"allow":["GET"]}}],"collection":[{"href":"https:\/\/www.confederaciondelcobre.cl\/index.php\/wp-json\/wp\/v2\/posts"}],"about":[{"href":"https:\/\/www.confederaciondelcobre.cl\/index.php\/wp-json\/wp\/v2\/types\/post"}],"author":[{"embeddable":true,"href":"https:\/\/www.confederaciondelcobre.cl\/index.php\/wp-json\/wp\/v2\/users\/2"}],"replies":[{"embeddable":true,"href":"https:\/\/www.confederaciondelcobre.cl\/index.php\/wp-json\/wp\/v2\/comments?post=848"}],"version-history":[{"count":34,"href":"https:\/\/www.confederaciondelcobre.cl\/index.php\/wp-json\/wp\/v2\/posts\/848\/revisions"}],"predecessor-version":[{"id":1041,"href":"https:\/\/www.confederaciondelcobre.cl\/index.php\/wp-json\/wp\/v2\/posts\/848\/revisions\/1041"}],"wp:featuredmedia":[{"embeddable":true,"href":"https:\/\/www.confederaciondelcobre.cl\/index.php\/wp-json\/wp\/v2\/media\/879"}],"wp:attachment":[{"href":"https:\/\/www.confederaciondelcobre.cl\/index.php\/wp-json\/wp\/v2\/media?parent=848"}],"wp:term":[{"taxonomy":"category","embeddable":true,"href":"https:\/\/www.confederaciondelcobre.cl\/index.php\/wp-json\/wp\/v2\/categories?post=848"},{"taxonomy":"post_tag","embeddable":true,"href":"https:\/\/www.confederaciondelcobre.cl\/index.php\/wp-json\/wp\/v2\/tags?post=848"}],"curies":[{"name":"wp","href":"https:\/\/api.w.org\/{rel}","templated":true}]}}