{"id":897,"date":"2020-04-14T22:19:24","date_gmt":"2020-04-14T22:19:24","guid":{"rendered":"http:\/\/www.confederaciondelcobre.cl\/?p=897"},"modified":"2020-04-14T22:19:25","modified_gmt":"2020-04-14T22:19:25","slug":"gobierno-con-todo-contra-los-trabajadores-suspension-laboral-finiquito-electronico-suspension-de-negociaciones-colectivas","status":"publish","type":"post","link":"https:\/\/www.confederaciondelcobre.cl\/index.php\/2020\/04\/14\/gobierno-con-todo-contra-los-trabajadores-suspension-laboral-finiquito-electronico-suspension-de-negociaciones-colectivas\/","title":{"rendered":"Gobierno con todo contra los trabajadores: Suspensi\u00f3n Laboral, Finiquito Electr\u00f3nico, Suspensi\u00f3n de Negociaciones Colectivas."},"content":{"rendered":"\n<p>La bater\u00eda administrativa y legislativa del gobierno de Sebasti\u00e1n Pi\u00f1era, aprovechando la crisis sanitaria producida por la propagaci\u00f3n del COVID-19 en nuestro pa\u00eds, se ha dejado caer sin miramientos sobre las y los trabajadores de Chile. Y es que no bastaba la implementaci\u00f3n de pol\u00edticas profundamente impopulares en lo que va de su mandato, que influyeron decisivamente en la precipitaci\u00f3n del estallido social a partir del 18 de octubre de 2019, sino que hoy nuevamente arremete con leyes y proyectos de ley que profundizan a\u00fan m\u00e1s la desigualdad social, la precarizaci\u00f3n del trabajo y de los trabajadores.<\/p>\n\n\n\n<p>A la mal llamada <strong>&#8220;Ley de protecci\u00f3n al empleo&#8221;<\/strong>, que, como sabemos, deja a las y los trabajadores al desamparo ante la facultad que otorga a los empleadores de suspender las relaciones laborales (bajo el pretexto del COVID-19) liber\u00e1ndolos del pago de salarios, se suma el <strong>&#8220;Finiquito Electr\u00f3nico&#8221;<\/strong> implementado por la Direcci\u00f3n del Trabajo (DT). El Finiquito Electr\u00f3nico, por su parte, <em>presume<\/em> ser un mecanismo que da viabilidad y rapidez al tr\u00e1mite de t\u00e9rmino de la relaci\u00f3n laboral, pero que sin embargo esconde o al menos no considera importantes derechos que como Servicio (DT) est\u00e1n llamados a garantizar. En primer lugar, tal y como denunciara en un comunicado la Asociaci\u00f3n de Abogados Laboralistas de Chile (AGAL) y las Bancadas Parlamentarias de oposici\u00f3n en un oficio presentado el d\u00eda de ayer ante la Contralor\u00eda General de la Rep\u00fablica, se trata de un mecanismo ilegal pues no se encuentra actualmente regulado por Ley. Pero adem\u00e1s, este tr\u00e1mite de Finiquito Electr\u00f3nico, no contempla y no permite a las y los trabajadores incorporar reclamaciones y resguardos, ante el eventual desacuerdo con las condiciones de finiquito que el empleador imponga. No se tratan, entonces, la <em>Ley de protecci\u00f3n al empleo<\/em> y el <em>Finiquito electr\u00f3nico<\/em>, de iniciativas que busquen resguardar un justo equilibrio entre partes (trabajador-empleador) sino que carga a\u00fan m\u00e1s la balanza de la injusticia. Permiten, por un lado, a los empleadores desligarse de su responsabilidad salarial y, por otro, da pie a la implementaci\u00f3n de despidos masivos y sin derecho a reclamo por parte de los trabajadores.<\/p>\n\n\n\n<p>Pero eso no es todo. Como si fuera poco, hoy se discuti\u00f3 en el Senado el <strong>proyecto de Ley que busca suspender temporalmente las Negociaciones Colectivas.<\/strong> Este proyecto, presentado por el Gobierno, en lo sustantivo propone la suspensi\u00f3n de toda Negociaci\u00f3n Colectiva que se ha iniciado o deber\u00eda iniciarse durante el per\u00edodo en que se extienda el Estado de Excepci\u00f3n Constitucional de Cat\u00e1strofe decretado el 18 de marzo de 2020. Lo anterior bajo el argumento de evitar &#8220;la comparecencia personal de los actores intervinientes, la cual se ha visto limitada o restringida&#8221;.  Cabe se\u00f1alar que en el mencionado proyecto de ley se considera &#8211; a modo de excepci\u00f3n- la posibilidad de efectivamente llevar adelante las Negociaciones Colectivas, pero esta posibilidad, que antes se daba por el solo hecho de la llegada de la fecha de negociaci\u00f3n o por iniciativa del sindicato reci\u00e9n constituido, hoy, de aprobarse en el parlamento el proyecto del gobierno, depender\u00e1 de un acuerdo entre partes (trabajadores-empleador). <strong>Es decir, y en t\u00e9rminos simples, no se podr\u00e1 negociar colectivamente si el empleador no quiere hacerlo<\/strong>. <\/p>\n\n\n\n<p>El gobierno ha venido con todo contra los trabajadores, y as\u00ed las cosas, con una Ley que NO protege el empleo sino que lo precariza a\u00fan m\u00e1s; con una Direcci\u00f3n del Trabajo implementando sistemas ilegales; y con un proyecto de Ley que coarta el derecho de Negociaci\u00f3n Colectiva al pretender suspenderlo, como Confederaci\u00f3n de Trabajadores del Cobre recalcamos que se hace m\u00e1s clara que nunca la necesidad de la toma de consciencia por parte de las y los trabajadores de no estar solos, de organizarse y sindicalizarse, para defender nuestras conquistas y derechos ante estas y otras pr\u00e1cticas injustas y abusivas. <\/p>\n","protected":false},"excerpt":{"rendered":"<p>La bater\u00eda administrativa y legislativa del gobierno de Sebasti\u00e1n Pi\u00f1era, aprovechando la crisis sanitaria producida por la propagaci\u00f3n del COVID-19 en nuestro pa\u00eds, se ha dejado caer sin miramientos sobre &hellip; <\/p>\n","protected":false},"author":2,"featured_media":932,"comment_status":"closed","ping_status":"closed","sticky":false,"template":"","format":"standard","meta":{"jetpack_post_was_ever_published":false,"_jetpack_newsletter_access":"","_jetpack_dont_email_post_to_subs":false,"_jetpack_newsletter_tier_id":0,"_jetpack_memberships_contains_paywalled_content":false,"_jetpack_memberships_contains_paid_content":false,"footnotes":"","jetpack_publicize_message":"","jetpack_publicize_feature_enabled":true,"jetpack_social_post_already_shared":false,"jetpack_social_options":{"image_generator_settings":{"template":"highway","default_image_id":0,"enabled":false},"version":2}},"categories":[9,15,20,16,19],"tags":[],"class_list":["post-897","post","type-post","status-publish","format-standard","has-post-thumbnail","hentry","category-confederacion","category-nacional","category-negociacion-colectiva","category-noticias","category-trabajadores"],"jetpack_publicize_connections":[],"jetpack_featured_media_url":"https:\/\/www.confederaciondelcobre.cl\/wp-content\/uploads\/2020\/04\/Portada14042020.jpg","jetpack_sharing_enabled":true,"post_mailing_queue_ids":[],"_links":{"self":[{"href":"https:\/\/www.confederaciondelcobre.cl\/index.php\/wp-json\/wp\/v2\/posts\/897","targetHints":{"allow":["GET"]}}],"collection":[{"href":"https:\/\/www.confederaciondelcobre.cl\/index.php\/wp-json\/wp\/v2\/posts"}],"about":[{"href":"https:\/\/www.confederaciondelcobre.cl\/index.php\/wp-json\/wp\/v2\/types\/post"}],"author":[{"embeddable":true,"href":"https:\/\/www.confederaciondelcobre.cl\/index.php\/wp-json\/wp\/v2\/users\/2"}],"replies":[{"embeddable":true,"href":"https:\/\/www.confederaciondelcobre.cl\/index.php\/wp-json\/wp\/v2\/comments?post=897"}],"version-history":[{"count":35,"href":"https:\/\/www.confederaciondelcobre.cl\/index.php\/wp-json\/wp\/v2\/posts\/897\/revisions"}],"predecessor-version":[{"id":934,"href":"https:\/\/www.confederaciondelcobre.cl\/index.php\/wp-json\/wp\/v2\/posts\/897\/revisions\/934"}],"wp:featuredmedia":[{"embeddable":true,"href":"https:\/\/www.confederaciondelcobre.cl\/index.php\/wp-json\/wp\/v2\/media\/932"}],"wp:attachment":[{"href":"https:\/\/www.confederaciondelcobre.cl\/index.php\/wp-json\/wp\/v2\/media?parent=897"}],"wp:term":[{"taxonomy":"category","embeddable":true,"href":"https:\/\/www.confederaciondelcobre.cl\/index.php\/wp-json\/wp\/v2\/categories?post=897"},{"taxonomy":"post_tag","embeddable":true,"href":"https:\/\/www.confederaciondelcobre.cl\/index.php\/wp-json\/wp\/v2\/tags?post=897"}],"curies":[{"name":"wp","href":"https:\/\/api.w.org\/{rel}","templated":true}]}}