{"id":935,"date":"2020-04-16T15:58:34","date_gmt":"2020-04-16T15:58:34","guid":{"rendered":"http:\/\/www.confederaciondelcobre.cl\/?p=935"},"modified":"2020-04-26T23:13:52","modified_gmt":"2020-04-26T23:13:52","slug":"hasta-el-31-de-mayo-se-extiende-plazo-para-postular-a-becas-de-educacion-superior-por-acuerdo-marco-ctc-codelco-ano-2020","status":"publish","type":"post","link":"https:\/\/www.confederaciondelcobre.cl\/index.php\/2020\/04\/16\/hasta-el-31-de-mayo-se-extiende-plazo-para-postular-a-becas-de-educacion-superior-por-acuerdo-marco-ctc-codelco-ano-2020\/","title":{"rendered":"HASTA EL 31 DE MAYO se extiende plazo para postular a Becas de Educaci\u00f3n Superior por Acuerdo Marco CTC-Codelco, a\u00f1o 2020."},"content":{"rendered":"\n<p>Compa\u00f1eras y Compa\u00f1eros, comunicamos que&nbsp;<strong>las fechas del proceso de postulaci\u00f3n a las Becas de Excelencia Acad\u00e9mica de Educaci\u00f3n Superior para este a\u00f1o 2020 han sido modificadas.<\/strong>&nbsp;<\/p>\n\n\n\n<p><strong>Cabe recalcar que las modificaciones han sido solo respecto de las fechas, y se refiere en primer lugar a la extensi\u00f3n del plazo de postulaci\u00f3n, que tendr\u00e1 como l\u00edmite el d\u00eda domingo 31 de mayo<\/strong>. Esto debido a las diversas dificultades que se han presentado para las y los trabajadores a la hora de obtener la documentaci\u00f3n requerida, tanto por parte del empleador como por las casas de estudio, a causa de la emergencia sanitaria por el COVID-19. <\/p>\n\n\n\n<ul class=\"wp-block-list\"><li>Las becas, conquistadas gracias al Acuerdo Marco firmado entre la Confederaci\u00f3n de Trabajadores del Cobre (CTC), Agema y Codelco el a\u00f1o 2007,&nbsp;<strong>establecen una cantidad de 2.800 cupos&nbsp;<\/strong>por un total de $786.000 brutos c\/u por cada beneficiario y est\u00e1n destinadas a&nbsp;<strong>los hijos, c\u00f3nyuges o convivientes -independiente de su orientaci\u00f3n sexual- de las y los trabajadores contratistas y subcontratistas, o los propios compa\u00f1eros que prestan sus servicios de manera permanente, continua y exclusiva a las Empresas Contratistas, en los recintos industriales o establecimientos productivos, o administrativos de las divisiones productivas y Casa Matriz de Codelco Chile, por un per\u00edodo m\u00ednimo de un mes calendario.<\/strong><\/li><\/ul>\n\n\n\n<p><strong>El plazo para la postulaci\u00f3n y entrega de antecedentes parti\u00f3 el lunes 16 de marzo y durar\u00e1 hasta el domingo 31 de mayo,<\/strong> por lo que a\u00fan hay tiempo. Para hacerlo debes ingresar al sitio de la OTIC de la C\u00e1mara Chilena de la Construcci\u00f3n&nbsp;<strong>(<a href=\"http:\/\/www.oticdelaconstruccion.cl\/fondos2020\">haciendo click aqu\u00ed<\/a>)&nbsp;<\/strong>y seleccionar la opci\u00f3n \u201cBecas de Educaci\u00f3n Superior\u201d. Una vez all\u00ed, en el bot\u00f3n \u201cingresar\u201d, el trabajador debe ingresar su rut, para continuar con el proceso de postulaci\u00f3n.<\/p>\n\n\n\n<p><strong>Nota<\/strong>: para mayores antecedentes, respecto de las bases o requisitos, tambi\u00e9n se encuentra (en el mismo sitio se\u00f1alado, ya en la secci\u00f3n Becas) el ingreso a dicha informaci\u00f3n.<\/p>\n\n\n\n<p><strong>Las y los trabajadores agrupados y organizados en la Confederaci\u00f3n de Trabajadores del Cobre, a partir de la conquista y firma del Acuerdo Marco con Codelco Chile el a\u00f1o 2007, han logrado una serie de derechos y beneficios, entre ellos el acceso a Becas de Educaci\u00f3n Superior, por lo que reiteramos el llamado a hacer sus postulaciones, seguir su proceso y difundirlo entre sus compa\u00f1eras y compa\u00f1eros.<\/strong><\/p>\n\n\n\n<p>A continuaci\u00f3n dejamos el proceso completo con sus fechas:<\/p>\n\n\n\n<figure class=\"wp-block-image\"><img loading=\"lazy\" decoding=\"async\" width=\"720\" height=\"720\" src=\"http:\/\/www.confederaciondelcobre.cl\/wp-content\/uploads\/2020\/04\/Nuevas-fechas-becas-CTC-Codelco.png\" alt=\"\" class=\"wp-image-941\" srcset=\"https:\/\/www.confederaciondelcobre.cl\/wp-content\/uploads\/2020\/04\/Nuevas-fechas-becas-CTC-Codelco.png 720w, https:\/\/www.confederaciondelcobre.cl\/wp-content\/uploads\/2020\/04\/Nuevas-fechas-becas-CTC-Codelco-150x150.png 150w, https:\/\/www.confederaciondelcobre.cl\/wp-content\/uploads\/2020\/04\/Nuevas-fechas-becas-CTC-Codelco-300x300.png 300w\" sizes=\"auto, (max-width: 720px) 100vw, 720px\" \/><\/figure>\n","protected":false},"excerpt":{"rendered":"<p>Compa\u00f1eras y Compa\u00f1eros, comunicamos que&nbsp;las fechas del proceso de postulaci\u00f3n a las Becas de Excelencia Acad\u00e9mica de Educaci\u00f3n Superior para este a\u00f1o 2020 han sido modificadas.&nbsp; Cabe recalcar que las &hellip; <\/p>\n","protected":false},"author":2,"featured_media":936,"comment_status":"closed","ping_status":"closed","sticky":false,"template":"","format":"standard","meta":{"jetpack_post_was_ever_published":false,"_jetpack_newsletter_access":"","_jetpack_dont_email_post_to_subs":false,"_jetpack_newsletter_tier_id":0,"_jetpack_memberships_contains_paywalled_content":false,"_jetpack_memberships_contains_paid_content":false,"footnotes":"","jetpack_publicize_message":"","jetpack_publicize_feature_enabled":true,"jetpack_social_post_already_shared":false,"jetpack_social_options":{"image_generator_settings":{"template":"highway","default_image_id":0,"enabled":false},"version":2}},"categories":[23,9,21],"tags":[],"class_list":["post-935","post","type-post","status-publish","format-standard","has-post-thumbnail","hentry","category-acuerdo-marco-codelco","category-confederacion","category-federaciones"],"jetpack_publicize_connections":[],"jetpack_featured_media_url":"https:\/\/www.confederaciondelcobre.cl\/wp-content\/uploads\/2020\/04\/Portada-Nuevas-Fechas-AMCTCCodelco.jpg","jetpack_sharing_enabled":true,"post_mailing_queue_ids":[],"_links":{"self":[{"href":"https:\/\/www.confederaciondelcobre.cl\/index.php\/wp-json\/wp\/v2\/posts\/935","targetHints":{"allow":["GET"]}}],"collection":[{"href":"https:\/\/www.confederaciondelcobre.cl\/index.php\/wp-json\/wp\/v2\/posts"}],"about":[{"href":"https:\/\/www.confederaciondelcobre.cl\/index.php\/wp-json\/wp\/v2\/types\/post"}],"author":[{"embeddable":true,"href":"https:\/\/www.confederaciondelcobre.cl\/index.php\/wp-json\/wp\/v2\/users\/2"}],"replies":[{"embeddable":true,"href":"https:\/\/www.confederaciondelcobre.cl\/index.php\/wp-json\/wp\/v2\/comments?post=935"}],"version-history":[{"count":9,"href":"https:\/\/www.confederaciondelcobre.cl\/index.php\/wp-json\/wp\/v2\/posts\/935\/revisions"}],"predecessor-version":[{"id":947,"href":"https:\/\/www.confederaciondelcobre.cl\/index.php\/wp-json\/wp\/v2\/posts\/935\/revisions\/947"}],"wp:featuredmedia":[{"embeddable":true,"href":"https:\/\/www.confederaciondelcobre.cl\/index.php\/wp-json\/wp\/v2\/media\/936"}],"wp:attachment":[{"href":"https:\/\/www.confederaciondelcobre.cl\/index.php\/wp-json\/wp\/v2\/media?parent=935"}],"wp:term":[{"taxonomy":"category","embeddable":true,"href":"https:\/\/www.confederaciondelcobre.cl\/index.php\/wp-json\/wp\/v2\/categories?post=935"},{"taxonomy":"post_tag","embeddable":true,"href":"https:\/\/www.confederaciondelcobre.cl\/index.php\/wp-json\/wp\/v2\/tags?post=935"}],"curies":[{"name":"wp","href":"https:\/\/api.w.org\/{rel}","templated":true}]}}