{"id":948,"date":"2020-04-20T17:18:27","date_gmt":"2020-04-20T17:18:27","guid":{"rendered":"http:\/\/www.confederaciondelcobre.cl\/?p=948"},"modified":"2020-04-26T23:11:04","modified_gmt":"2020-04-26T23:11:04","slug":"en-iquique-el-pueblo-ayuda-al-pueblo","status":"publish","type":"post","link":"https:\/\/www.confederaciondelcobre.cl\/index.php\/2020\/04\/20\/en-iquique-el-pueblo-ayuda-al-pueblo\/","title":{"rendered":"En Iquique el pueblo ayuda al pueblo"},"content":{"rendered":"\n<p>Diversas agrupaciones, organizaciones sociales y sindicales, entre ellas la Federaci\u00f3n Minera del Norte (FEMINORT, brazo org\u00e1nico de la Confederaci\u00f3n de Trabajadores del Cobre -CTC- en la regi\u00f3n de Tarapac\u00e1), organizaron el d\u00eda s\u00e1bado 18 una jornada de <strong>Almuerzo Solidario en la ciudad de Iquique. Dicha jornada tuvo por objetivo ayudar con la entrega de 200 almuerzos a algunas de las familias que se encuentran m\u00e1s afectadas por esta crisis<\/strong>, ya no solo sanitaria (COVID-19) sino que adem\u00e1s socioecon\u00f3mica, que, de continuar manej\u00e1ndose de forma err\u00e1tica, como hasta ahora lo han demostrado las autoridades de nuestro pa\u00eds, puede terminar en una verdadera crisis humanitaria.<\/p>\n\n\n\n<p>Entre las personas que recibieron esta ayuda se encontraban algunas de las familias bolivianas que han sido detenidas en su tr\u00e1nsito hacia el pa\u00eds hermano y que actualmente est\u00e1n bajo vigilancia epidemiol\u00f3gica. El grupo, que originalmente era de alrededor de 1300 personas, se encuentra separado en dos albergues: la Escuela Bernardo O&#8217;Higgins y el Estadio Cavancha, pero es preciso se\u00f1alar, a modo de alerta, que en el albergue del Estadio, donde hay embarazadas, ni\u00f1os y ancianos, el refugio no es continuo sino que tiene ciertos horarios, y que adem\u00e1s no tiene habilitadas las condiciones necesarias para cocinar. Cabe se\u00f1alar que reci\u00e9n el d\u00eda de hoy comenzar\u00e1 el traslado de un grupo de ellos hacia el campamento fronterizo de Pisiga, donde luego de hacer cuarentena podr\u00e1n eventualmente retornar a sus lugares de origen.<\/p>\n\n\n\n<figure class=\"wp-block-image\"><img loading=\"lazy\" decoding=\"async\" width=\"800\" height=\"379\" src=\"http:\/\/www.confederaciondelcobre.cl\/wp-content\/uploads\/2020\/04\/1-1.jpg\" alt=\"\" class=\"wp-image-960\" srcset=\"https:\/\/www.confederaciondelcobre.cl\/wp-content\/uploads\/2020\/04\/1-1.jpg 800w, https:\/\/www.confederaciondelcobre.cl\/wp-content\/uploads\/2020\/04\/1-1-300x142.jpg 300w, https:\/\/www.confederaciondelcobre.cl\/wp-content\/uploads\/2020\/04\/1-1-768x364.jpg 768w\" sizes=\"auto, (max-width: 800px) 100vw, 800px\" \/><\/figure>\n\n\n\n<p><strong>Francisco Cabezas<\/strong>, Director Nacional de la CTC, Presidente de la FEMINORT y Vicepresidente de la CUT-Iquique,<strong> indic\u00f3 que esta y otras iniciativas se est\u00e1n trabajando en conjunto con la Asamblea Permanente de Migrantes y Promigrantes (AMPRO), la Organizaci\u00f3n Internacional Migrante (OIM), Unidad Social, El Rinc\u00f3n Guachaca, El Democr\u00e1tico, la Junta de Vecinos El Morro, entre otras organizaciones y muchas personas que de forma individual hacen su aporte<\/strong>. <strong>Todas estas acciones, se\u00f1al\u00f3, &#8220;se hacen en torno a la consciencia de que el pueblo ayuda al pueblo, que somos nosotros quienes vemos y sufrimos en carne propia el desamparo, sea por negligencia o aprovechamiento de parte de las autoridades, pero que ante ello no nos quedaremos de brazos cruzados. Seguiremos, junto con la ayuda y solidaridad que est\u00e9 a nuestro alcance, denunciando y exigiendo el cumplimiento de condiciones adecuadas de salud y seguridad tanto para los trabajadores como para la poblaci\u00f3n en general&#8221;<\/strong>, finaliz\u00f3. <\/p>\n\n\n\n<p><\/p>\n","protected":false},"excerpt":{"rendered":"<p>Diversas agrupaciones, organizaciones sociales y sindicales, entre ellas la Federaci\u00f3n Minera del Norte (FEMINORT, brazo org\u00e1nico de la Confederaci\u00f3n de Trabajadores del Cobre -CTC- en la regi\u00f3n de Tarapac\u00e1), organizaron &hellip; <\/p>\n","protected":false},"author":2,"featured_media":950,"comment_status":"closed","ping_status":"closed","sticky":false,"template":"","format":"standard","meta":{"jetpack_post_was_ever_published":false,"_jetpack_newsletter_access":"","_jetpack_dont_email_post_to_subs":false,"_jetpack_newsletter_tier_id":0,"_jetpack_memberships_contains_paywalled_content":false,"_jetpack_memberships_contains_paid_content":false,"footnotes":"","jetpack_publicize_message":"","jetpack_publicize_feature_enabled":true,"jetpack_social_post_already_shared":false,"jetpack_social_options":{"image_generator_settings":{"template":"highway","default_image_id":0,"enabled":false},"version":2}},"categories":[9,21,22],"tags":[],"class_list":["post-948","post","type-post","status-publish","format-standard","has-post-thumbnail","hentry","category-confederacion","category-federaciones","category-feminort"],"jetpack_publicize_connections":[],"jetpack_featured_media_url":"https:\/\/www.confederaciondelcobre.cl\/wp-content\/uploads\/2020\/04\/Portada-Nota-IQQ.jpg","jetpack_sharing_enabled":true,"post_mailing_queue_ids":[],"_links":{"self":[{"href":"https:\/\/www.confederaciondelcobre.cl\/index.php\/wp-json\/wp\/v2\/posts\/948","targetHints":{"allow":["GET"]}}],"collection":[{"href":"https:\/\/www.confederaciondelcobre.cl\/index.php\/wp-json\/wp\/v2\/posts"}],"about":[{"href":"https:\/\/www.confederaciondelcobre.cl\/index.php\/wp-json\/wp\/v2\/types\/post"}],"author":[{"embeddable":true,"href":"https:\/\/www.confederaciondelcobre.cl\/index.php\/wp-json\/wp\/v2\/users\/2"}],"replies":[{"embeddable":true,"href":"https:\/\/www.confederaciondelcobre.cl\/index.php\/wp-json\/wp\/v2\/comments?post=948"}],"version-history":[{"count":15,"href":"https:\/\/www.confederaciondelcobre.cl\/index.php\/wp-json\/wp\/v2\/posts\/948\/revisions"}],"predecessor-version":[{"id":965,"href":"https:\/\/www.confederaciondelcobre.cl\/index.php\/wp-json\/wp\/v2\/posts\/948\/revisions\/965"}],"wp:featuredmedia":[{"embeddable":true,"href":"https:\/\/www.confederaciondelcobre.cl\/index.php\/wp-json\/wp\/v2\/media\/950"}],"wp:attachment":[{"href":"https:\/\/www.confederaciondelcobre.cl\/index.php\/wp-json\/wp\/v2\/media?parent=948"}],"wp:term":[{"taxonomy":"category","embeddable":true,"href":"https:\/\/www.confederaciondelcobre.cl\/index.php\/wp-json\/wp\/v2\/categories?post=948"},{"taxonomy":"post_tag","embeddable":true,"href":"https:\/\/www.confederaciondelcobre.cl\/index.php\/wp-json\/wp\/v2\/tags?post=948"}],"curies":[{"name":"wp","href":"https:\/\/api.w.org\/{rel}","templated":true}]}}