{"id":95,"date":"2019-03-14T21:21:16","date_gmt":"2019-03-14T21:21:16","guid":{"rendered":"http:\/\/www.ctc2018.cl\/?p=95"},"modified":"2020-04-27T00:40:20","modified_gmt":"2020-04-27T00:40:20","slug":"no-exista-olvido-conjunto-imaginacion-graba-su-primer-disco-y-lo-presenta-al-directorio-nacional-de-la-ctc","status":"publish","type":"post","link":"https:\/\/www.confederaciondelcobre.cl\/index.php\/2019\/03\/14\/no-exista-olvido-conjunto-imaginacion-graba-su-primer-disco-y-lo-presenta-al-directorio-nacional-de-la-ctc\/","title":{"rendered":"No exista olvido: conjunto Imaginaci\u00f3n graba su primer disco y lo presenta al Directorio Nacional de la CTC"},"content":{"rendered":"\n<p>En la tarde del martes 12 de marzo el conjunto musical &#8220;Imaginaci\u00f3n&#8221; se reuni\u00f3 con el directorio nacional de la Confederaci\u00f3n de Trabajadores del Cobre (CTC). La cita, enmarcada en un ambiente de amistad y camarader\u00eda, tuvo por motivo la entrega y regalo de copias de su primera producci\u00f3n musical a la directiva nacional de la CTC.<\/p>\n\n\n\n<p>&#8220;No exista olvido&#8221; es el nombre del primer \u00e1lbum de Imaginaci\u00f3n. Una cantata por la memoria y los Derechos Humanos que hace un recorrido por la historia de nuestro continente en general, partiendo desde la colonia hasta los acontecimientos m\u00e1s cercanos y recientes que como pa\u00eds tenemos: la dictadura c\u00edvico-militar. &#8220;No exista olvido&#8221; es una obra llena de emociones y de gran calidad, con m\u00fasica, voces y relatos que nos introducen y llevan por un viaje no exento de sentimientos encontrados: por un lado los atropellos sufridos por tantas y tantos y, por otro, el amor y la esperanza como conjuro y combate ante las injusticias.<\/p>\n\n\n\n<div class=\"wp-block-image\"><figure class=\"aligncenter\"><a href=\"http:\/\/www.confederaciondelcobre.cl\/erbocefnoc\/no-exista-olvido-conjunto-imaginacion-graba-su-primer-disco-y-lo-presenta-al-directorio-nacional-de-la-ctc\/noexistaolvido-2\/\"><img decoding=\"async\" src=\"http:\/\/www.confederaciondelcobre.cl\/erbocefnoc\/wp-content\/uploads\/2019\/03\/NoExistaOlvido-1.jpg\" alt=\"NoExistaOlvido\" class=\"wp-image-10722\"\/><\/a><\/figure><\/div>\n\n\n\n<ul class=\"wp-block-list\"><li><em>Imaginaci\u00f3n es un conjunto musical con once a\u00f1os de trayectoria. Sus primeros pasos fueron como banda tributo a Inti-Illimani, pero al poco andar la inquietud creativa de sus integrantes no demor\u00f3 en asomar y florecer con composiciones y arreglos propios. Diversos escenarios y p\u00fablicos han sido testigos de su gran calidad musical, destacando el Festival Vivas Voces, organizado todos los a\u00f1os por la Agrupaci\u00f3n de Familiares de Detenidos Desaparecidos (AFDD) en la Plaza de la Paz de la comuna de Recoleta; el Festival Con Nelson en la Memoria, organizado en su primera versi\u00f3n el a\u00f1o 2018 por la Confederaci\u00f3n de Trabajadores del Cobre (CTC) en el campamento minero de El Salvador, comuna de Diego de Almagro; el Museo de la Memoria y los Derechos Humanos; en la Universidad de Avellaneda de Buenos Aires; en el acto central de la romer\u00eda hacia el cementerio general, en septiembre de 2017 y 2018, en conmemoraci\u00f3n del golpe de estado del a\u00f1o 1973 y en la ciudad de Iquique en el acto pol\u00edtico cultural en conmemoraci\u00f3n de la Matanza en la Escuela Santa Mar\u00eda, entre muchos m\u00e1s.<\/em><\/li><\/ul>\n\n\n\n<figure class=\"wp-block-image\"><a href=\"http:\/\/www.confederaciondelcobre.cl\/erbocefnoc\/no-exista-olvido-conjunto-imaginacion-graba-su-primer-disco-y-lo-presenta-al-directorio-nacional-de-la-ctc\/reucondirnac\/\"><img decoding=\"async\" src=\"http:\/\/www.confederaciondelcobre.cl\/erbocefnoc\/wp-content\/uploads\/2019\/03\/ReuConDirNac.jpg\" alt=\"ReuConDirNac\" class=\"wp-image-10726\"\/><\/a><\/figure>\n\n\n\n<p>Andr\u00e9s Huerta Calder\u00f3n, m\u00fasico y compositor de Imaginaci\u00f3n se\u00f1al\u00f3 que para ellos &#8220;la principal misi\u00f3n de nuestra m\u00fasica es estar al lado de las organizaciones sociales. Es por eso que para nosotros es fundamental reconocer de alguna manera a aquellas organizaciones que nos dan su constante apoyo, y una de nuestras principales compa\u00f1eras de ruta es la Confederaci\u00f3n de Trabajadores del Cobre. Ellos (la CTC) han sido uno de los bastiones de la lucha obrera en la actualidad, defendiendo a los trabajadores subcontratados del cobre de la vulnerabilidad, enfrentando tambi\u00e9n a la justicia y buscando la verdad del asesinato de Nelson Quichillao en El Salvador. Quisimos entonces agradecer esta lealtad entreg\u00e1ndoles de manera simb\u00f3lica algunos ejemplares de nuestro primer disco &#8220;No exista olvido&#8221;.<\/p>\n\n\n\n<p>Como organizaci\u00f3n hemos venido desarrollando una pol\u00edtica de aliento y apoyo a diversas manifestaciones del tipo art\u00edstico, muestra de ello son los distintos talleres de danza, percusi\u00f3n y muralismo implementados por la CTC en Santiago y el resto del territorio, entre otras. Para la Confederaci\u00f3n de Trabajadores del Cobre, la importancia que tienen la cultura y las artes en el sindicalismo en particular y la sociedad en general es fundamental, es por ello que nuestro compromiso&nbsp;con ellas se mantiene.&nbsp;Para el Conjunto Imaginaci\u00f3n, para nuestros amigos, deseamos todo el \u00e9xito que sabemos tendr\u00e1n con su primer disco. &#8220;No exista olvido&#8221;, sin duda, ser\u00e1 una producci\u00f3n musical de referencia hist\u00f3rica, por su gran calidad musical y contenido. Finalmente, saludamos y felicitamos nuevamente a cada uno de sus integrantes, por el gran trabajo realizado y por su demostrado compromiso con la causas sociales.<\/p>\n","protected":false},"excerpt":{"rendered":"<p>En la tarde del martes 12 de marzo el conjunto musical &#8220;Imaginaci\u00f3n&#8221; se reuni\u00f3 con el directorio nacional de la Confederaci\u00f3n de Trabajadores del Cobre (CTC). La cita, enmarcada en &hellip; <\/p>\n","protected":false},"author":2,"featured_media":97,"comment_status":"open","ping_status":"open","sticky":false,"template":"","format":"standard","meta":{"jetpack_post_was_ever_published":false,"_jetpack_newsletter_access":"","_jetpack_dont_email_post_to_subs":false,"_jetpack_newsletter_tier_id":0,"_jetpack_memberships_contains_paywalled_content":false,"_jetpack_memberships_contains_paid_content":false,"footnotes":"","jetpack_publicize_message":"","jetpack_publicize_feature_enabled":true,"jetpack_social_post_already_shared":false,"jetpack_social_options":{"image_generator_settings":{"template":"highway","default_image_id":0,"enabled":false},"version":2}},"categories":[9],"tags":[],"class_list":["post-95","post","type-post","status-publish","format-standard","has-post-thumbnail","hentry","category-confederacion"],"jetpack_publicize_connections":[],"jetpack_featured_media_url":"https:\/\/www.confederaciondelcobre.cl\/wp-content\/uploads\/2019\/11\/EncNotaWeb.jpg","jetpack_sharing_enabled":true,"post_mailing_queue_ids":[],"_links":{"self":[{"href":"https:\/\/www.confederaciondelcobre.cl\/index.php\/wp-json\/wp\/v2\/posts\/95","targetHints":{"allow":["GET"]}}],"collection":[{"href":"https:\/\/www.confederaciondelcobre.cl\/index.php\/wp-json\/wp\/v2\/posts"}],"about":[{"href":"https:\/\/www.confederaciondelcobre.cl\/index.php\/wp-json\/wp\/v2\/types\/post"}],"author":[{"embeddable":true,"href":"https:\/\/www.confederaciondelcobre.cl\/index.php\/wp-json\/wp\/v2\/users\/2"}],"replies":[{"embeddable":true,"href":"https:\/\/www.confederaciondelcobre.cl\/index.php\/wp-json\/wp\/v2\/comments?post=95"}],"version-history":[{"count":1,"href":"https:\/\/www.confederaciondelcobre.cl\/index.php\/wp-json\/wp\/v2\/posts\/95\/revisions"}],"predecessor-version":[{"id":96,"href":"https:\/\/www.confederaciondelcobre.cl\/index.php\/wp-json\/wp\/v2\/posts\/95\/revisions\/96"}],"wp:featuredmedia":[{"embeddable":true,"href":"https:\/\/www.confederaciondelcobre.cl\/index.php\/wp-json\/wp\/v2\/media\/97"}],"wp:attachment":[{"href":"https:\/\/www.confederaciondelcobre.cl\/index.php\/wp-json\/wp\/v2\/media?parent=95"}],"wp:term":[{"taxonomy":"category","embeddable":true,"href":"https:\/\/www.confederaciondelcobre.cl\/index.php\/wp-json\/wp\/v2\/categories?post=95"},{"taxonomy":"post_tag","embeddable":true,"href":"https:\/\/www.confederaciondelcobre.cl\/index.php\/wp-json\/wp\/v2\/tags?post=95"}],"curies":[{"name":"wp","href":"https:\/\/api.w.org\/{rel}","templated":true}]}}