{"id":966,"date":"2020-08-03T18:42:41","date_gmt":"2020-08-03T18:42:41","guid":{"rendered":"http:\/\/www.confederaciondelcobre.cl\/?p=966"},"modified":"2020-08-03T18:42:42","modified_gmt":"2020-08-03T18:42:42","slug":"postulacion-a-fondo-unico-de-vivienda-concursable-proceso-2020","status":"publish","type":"post","link":"https:\/\/www.confederaciondelcobre.cl\/index.php\/2020\/08\/03\/postulacion-a-fondo-unico-de-vivienda-concursable-proceso-2020\/","title":{"rendered":"Postulaci\u00f3n a Fondo \u00danico de Vivienda Concursable, proceso 2020."},"content":{"rendered":"\n<p>Compa\u00f1eras y compa\u00f1eros, comunicamos que<strong> a partir de este lunes 03 de agosto, y hasta el jueves 03 de septiembre, comienza el proceso de postulaci\u00f3n y entrega de antecedentes para el Fondo \u00danico de Vivienda Concursable<\/strong> <strong>a\u00f1o 2020<\/strong>. Un derecho y beneficio para\u00a0trabajadores\u00a0<strong>Contratistas y Subcontratistas que prestan sus servicios a Codelco, quedando excluidos aquellos que prestan sus servicios para la Vicepresidencia de Proyectos (VP)<\/strong>, y que corresponde al Acuerdo Marco vigente entre la Confederaci\u00f3n de Trabajadores del Cobre (CTC), Agema y Codelco. <\/p>\n\n\n\n<ul class=\"wp-block-list\"><li>Dicho\u00a0beneficio consiste en un\u00a0<strong>aporte \u00fanico<\/strong>\u00a0<strong>para<\/strong>\u00a0<strong>la compra, construcci\u00f3n o prepago de cr\u00e9ditos hipotecarios\u00a0de la primera vivienda<\/strong>.<\/li><\/ul>\n\n\n\n<blockquote class=\"wp-block-quote is-layout-flow wp-block-quote-is-layout-flow\"><p><strong>Desde el a\u00f1o 2007 las y los trabajadores contratistas y subcontratistas de Codelco, adem\u00e1s de sus familias<\/strong>, tienen acceso a una variedad de beneficios y derechos laborales y sociales que establece el\u00a0<strong>Acuerdo Marco firmado entre la Confederaci\u00f3n de Trabajadores del Cobre (CTC), las empresas contratistas y Codelco<\/strong>. Esta conquista de la Clase Trabajadora, cabe recordar, ha sido \u00fanicamente gracias a la\u00a0<strong>Unidad, Organizaci\u00f3n y Lucha<\/strong>\u00a0de todas y todos quienes, agrupados en la CTC, lograron el Acuerdo Marco con la cupr\u00edfera estatal.<\/p><\/blockquote>\n\n\n\n<p><strong>Para este a\u00f1o 2020<\/strong>\u00a0<strong>se dispondr\u00e1 de 1.000 (mil) cupos por un monto de UF20<\/strong>\u00a0<strong>(veinte Unidades de Fomento) cada uno, que ser\u00e1n pagados el d\u00eda mi\u00e9rcoles 18 de noviembre<\/strong>, mediante vale vista que podr\u00e1 ser cobrado en cualquier sucursal del Banco de Chile.\u00a0<strong>Este documento ser\u00e1 emitido a nombre del beneficiario y podr\u00e1 ser retirado a partir de la fecha indicada, por el titular junto a su C\u00e9dula de Identidad, en un plazo de 6 meses<\/strong>. Posterior a dicho plazo (18 de noviembre) el documento quedar\u00e1 sin efecto.<\/p>\n\n\n\n<p>Este beneficio <strong>es exclusivo y \u00fanico para la primera vivienda<\/strong> del trabajador,\u00a0<strong>por lo que toda compa\u00f1era o compa\u00f1ero que se haya adjudicado este beneficio en a\u00f1os anteriores deber\u00e1 abstenerse de postular nuevamente en este proceso<\/strong>.<\/p>\n\n\n\n<blockquote class=\"wp-block-quote is-layout-flow wp-block-quote-is-layout-flow\"><p><strong>Para postular<\/strong> al Fondo \u00danico de Vivienda Concursable, a\u00f1o 2020, <strong>puedes hacerlo ingresando al sitio web de la OTIC de la C\u00e1mara Chilena de la Construcci\u00f3n<\/strong>\u00a0(<a href=\"http:\/\/www.oticdelaconstruccion.cl\/fondos2020\" target=\"_blank\" rel=\"noreferrer noopener\" aria-label=\" (abrir en una nueva pesta\u00f1a)\">haciendo click aqu\u00ed<\/a>). All\u00ed encontrar\u00e1s la secci\u00f3n \u201cFondos para la Primera Vivienda\u201d, donde se solicitar\u00e1 ingresar el RUT del trabajador o trabajadora que postula. Una vez all\u00ed, tambi\u00e9n encontrar\u00e1s informaci\u00f3n sobre las Bases y Documentaci\u00f3n requerida.<\/p><\/blockquote>\n\n\n\n<p><strong>Los<\/strong> <strong>beneficios y derechos conquistados gracias a la unidad, organizaci\u00f3n y lucha de las y los trabajadores agrupados en la CTC<\/strong> tienen por objetivo <strong>mejorar nuestras condiciones laborales, sociales y de calidad de vida<\/strong>, por lo que llamamos a todas y todos <strong>a difundir esta informaci\u00f3n y proceso de postulaci\u00f3n entre sus compa\u00f1eras y compa\u00f1eros<\/strong>.<\/p>\n\n\n\n<p>A continuaci\u00f3n, y para su consideraci\u00f3n adjuntamos calendario con el proceso completo:<\/p>\n\n\n\n<figure class=\"wp-block-image\"><img loading=\"lazy\" decoding=\"async\" width=\"720\" height=\"720\" src=\"http:\/\/www.confederaciondelcobre.cl\/wp-content\/uploads\/2020\/08\/Fondo-Unico-2020.png\" alt=\"\" class=\"wp-image-1333\" srcset=\"https:\/\/www.confederaciondelcobre.cl\/wp-content\/uploads\/2020\/08\/Fondo-Unico-2020.png 720w, https:\/\/www.confederaciondelcobre.cl\/wp-content\/uploads\/2020\/08\/Fondo-Unico-2020-150x150.png 150w, https:\/\/www.confederaciondelcobre.cl\/wp-content\/uploads\/2020\/08\/Fondo-Unico-2020-300x300.png 300w\" sizes=\"auto, (max-width: 720px) 100vw, 720px\" \/><\/figure>\n","protected":false},"excerpt":{"rendered":"<p>Compa\u00f1eras y compa\u00f1eros, comunicamos que a partir de este lunes 03 de agosto, y hasta el jueves 03 de septiembre, comienza el proceso de postulaci\u00f3n y entrega de antecedentes para &hellip; <\/p>\n","protected":false},"author":2,"featured_media":1330,"comment_status":"closed","ping_status":"closed","sticky":false,"template":"","format":"standard","meta":{"jetpack_post_was_ever_published":false,"_jetpack_newsletter_access":"","_jetpack_dont_email_post_to_subs":false,"_jetpack_newsletter_tier_id":0,"_jetpack_memberships_contains_paywalled_content":false,"_jetpack_memberships_contains_paid_content":false,"footnotes":"","jetpack_publicize_message":"","jetpack_publicize_feature_enabled":true,"jetpack_social_post_already_shared":false,"jetpack_social_options":{"image_generator_settings":{"template":"highway","default_image_id":0,"enabled":false},"version":2}},"categories":[5,23,9,21,22,28,26,25,29,31,19],"tags":[],"class_list":["post-966","post","type-post","status-publish","format-standard","has-post-thumbnail","hentry","category-acuerdo-marco","category-acuerdo-marco-codelco","category-confederacion","category-federaciones","category-feminort","category-fesal","category-fesamab","category-fesamav","category-fetramac","category-fetratec","category-trabajadores"],"jetpack_publicize_connections":[],"jetpack_featured_media_url":"https:\/\/www.confederaciondelcobre.cl\/wp-content\/uploads\/2020\/08\/PortFondUnico2020.jpg","jetpack_sharing_enabled":true,"post_mailing_queue_ids":[],"_links":{"self":[{"href":"https:\/\/www.confederaciondelcobre.cl\/index.php\/wp-json\/wp\/v2\/posts\/966","targetHints":{"allow":["GET"]}}],"collection":[{"href":"https:\/\/www.confederaciondelcobre.cl\/index.php\/wp-json\/wp\/v2\/posts"}],"about":[{"href":"https:\/\/www.confederaciondelcobre.cl\/index.php\/wp-json\/wp\/v2\/types\/post"}],"author":[{"embeddable":true,"href":"https:\/\/www.confederaciondelcobre.cl\/index.php\/wp-json\/wp\/v2\/users\/2"}],"replies":[{"embeddable":true,"href":"https:\/\/www.confederaciondelcobre.cl\/index.php\/wp-json\/wp\/v2\/comments?post=966"}],"version-history":[{"count":14,"href":"https:\/\/www.confederaciondelcobre.cl\/index.php\/wp-json\/wp\/v2\/posts\/966\/revisions"}],"predecessor-version":[{"id":1336,"href":"https:\/\/www.confederaciondelcobre.cl\/index.php\/wp-json\/wp\/v2\/posts\/966\/revisions\/1336"}],"wp:featuredmedia":[{"embeddable":true,"href":"https:\/\/www.confederaciondelcobre.cl\/index.php\/wp-json\/wp\/v2\/media\/1330"}],"wp:attachment":[{"href":"https:\/\/www.confederaciondelcobre.cl\/index.php\/wp-json\/wp\/v2\/media?parent=966"}],"wp:term":[{"taxonomy":"category","embeddable":true,"href":"https:\/\/www.confederaciondelcobre.cl\/index.php\/wp-json\/wp\/v2\/categories?post=966"},{"taxonomy":"post_tag","embeddable":true,"href":"https:\/\/www.confederaciondelcobre.cl\/index.php\/wp-json\/wp\/v2\/tags?post=966"}],"curies":[{"name":"wp","href":"https:\/\/api.w.org\/{rel}","templated":true}]}}