{"id":98,"date":"2019-03-20T21:24:33","date_gmt":"2019-03-20T21:24:33","guid":{"rendered":"http:\/\/www.ctc2018.cl\/?p=98"},"modified":"2020-04-27T00:36:57","modified_gmt":"2020-04-27T00:36:57","slug":"concierto-por-el-derecho-de-vivir-en-paz-latinoamerica-libre-de-intervencionismos-por-la-paz-y-el-derecho-a-la-autodeterminacion-de-nuestros-pueblos","status":"publish","type":"post","link":"https:\/\/www.confederaciondelcobre.cl\/index.php\/2019\/03\/20\/concierto-por-el-derecho-de-vivir-en-paz-latinoamerica-libre-de-intervencionismos-por-la-paz-y-el-derecho-a-la-autodeterminacion-de-nuestros-pueblos\/","title":{"rendered":"Concierto por el derecho de vivir en paz: \u00a1Latinoam\u00e9rica libre de intervencionismos, por la paz y el derecho a la autodeterminaci\u00f3n de nuestros pueblos!"},"content":{"rendered":"\n<p>El d\u00eda de hoy mi\u00e9rcoles 20 de marzo, diversas fuerzas pol\u00edticas y sociales, entre ellas la Confederaci\u00f3n de Trabajadores del Cobre (CTC), adem\u00e1s de varios artistas y m\u00fasicos, ofrecieron una conferencia de prensa con la finalidad de invitar a todo el mundo social a asistir al Concierto &#8220;Por el derecho de vivir en paz&#8221;.<\/p>\n\n\n\n<p><strong>El concierto, que se realizar\u00e1 el d\u00eda domingo 24 de marzo a partir de las 15:00 hrs. en el Paseo Bulnes (Santiago)<\/strong>, reunir\u00e1 a grupos musicales y artistas como&nbsp;Inti Illimani, Illapu, Sol y Lluvia, La Moral Distra\u00edda, Villa Cari\u00f1o, Banda Conmoci\u00f3n, Evelyn Cornejo, Carmen Prieto, Tomo como Rey, Francisco Villa, Manual de Carro\u00f1a, Cholomandinga, Juanito Ayala, H\u00e9ctor Pav\u00e9z y la Folckband, Ankatu Alquinta, Legua York, Imaginaci\u00f3n, entre otros,&nbsp;<strong>busca dar visibilidad a la grave amenaza que se cierne sobre nuestro continente, que se manifiesta en la expl\u00edcita intervenci\u00f3n extranjera -particularmente por parte de EE.UU, en complicidad con algunos gobiernos que le son proclives-&nbsp; en asuntos que son de exclusiva soberan\u00eda de cada pa\u00eds afectando el derecho de autodeterminaci\u00f3n de los pueblos y comprometiendo gravemente la paz en la regi\u00f3n. Es en ese sentido entonces que durante la conferencia se denunci\u00f3 que la cumbre en cuesti\u00f3n, m\u00e1s que &#8220;Prosur&#8221;, deber\u00eda llamarse&nbsp;\u00abPronorte\u00bb pues se supedita m\u00e1s a los intereses del norte (EE.UU) que a los nuestros en tanto comunidad sur o latinoamericana.<\/strong><\/p>\n\n\n\n<figure class=\"wp-block-image\"><a href=\"http:\/\/www.confederaciondelcobre.cl\/erbocefnoc\/concierto-por-el-derecho-de-vivir-en-paz-latinoamerica-libre-de-intervencionismos-por-la-paz-y-el-derecho-a-la-autodeterminacion-de-nuestros-pueblos\/conferencia\/\"><img decoding=\"async\" src=\"http:\/\/www.confederaciondelcobre.cl\/erbocefnoc\/wp-content\/uploads\/2019\/03\/CONFERENCIA.jpg\" alt=\"CONFERENCIA\" class=\"wp-image-10746\"\/><\/a><\/figure>\n\n\n\n<p>Otro asunto abordado fue la pr\u00f3xima presencia en nuestro pa\u00eds del presidente de Brasil, Jair Bolsonaro, cuya trayectoria pol\u00edtica ha gravitado en torno a posiciones profundamente antidemocr\u00e1ticas, con opini\u00f3n y posiciones contrarias a la libertad y los derechos m\u00e1s fundamentales de las personas. Un expl\u00edcito partidario de las violaciones a los Derechos Humanos cometidas durante el per\u00edodo de dictadura militar en Brasil y que \u00faltimamente ha destacado negativamente por sus dichos abiertamente racistas, hom\u00f3fobos, mis\u00f3ginos y xen\u00f3fobos. Se se\u00f1al\u00f3, a modo de recordatorio y alerta, que posturas de ese tipo no solo deben ser rechazadas sino tambi\u00e9n enfrentadas en\u00e9rgicamente, pues solo conducen a lo que ning\u00fan pa\u00eds puede permitirse repetir, haciendo clara referencia a las dictaduras militares vividas en el continente entre los a\u00f1os 60 y 80.<\/p>\n\n\n\n<p>Finalmente, como Confederaci\u00f3n de Trabajadores del Cobre, reiteramos el llamado a sumarse y participar del Concierto &#8220;Por el derecho de vivir en paz&#8221; que reivindicar\u00e1, desde Chile, una Latinoam\u00e9rica libre de intervencionismos, un continente por la paz y en defensa del derecho a la autodeterminaci\u00f3n de nuestros pueblos.<\/p>\n\n\n\n<figure class=\"wp-block-image\"><a href=\"http:\/\/www.confederaciondelcobre.cl\/erbocefnoc\/concierto-por-el-derecho-de-vivir-en-paz-latinoamerica-libre-de-intervencionismos-por-la-paz-y-el-derecho-a-la-autodeterminacion-de-nuestros-pueblos\/paz\/\"><img decoding=\"async\" src=\"http:\/\/www.confederaciondelcobre.cl\/erbocefnoc\/wp-content\/uploads\/2019\/03\/PAZ.jpg\" alt=\"PAZ\" class=\"wp-image-10742\"\/><\/a><\/figure>\n","protected":false},"excerpt":{"rendered":"<p>El d\u00eda de hoy mi\u00e9rcoles 20 de marzo, diversas fuerzas pol\u00edticas y sociales, entre ellas la Confederaci\u00f3n de Trabajadores del Cobre (CTC), adem\u00e1s de varios artistas y m\u00fasicos, ofrecieron una &hellip; <\/p>\n","protected":false},"author":2,"featured_media":100,"comment_status":"open","ping_status":"open","sticky":false,"template":"","format":"standard","meta":{"jetpack_post_was_ever_published":false,"_jetpack_newsletter_access":"","_jetpack_dont_email_post_to_subs":false,"_jetpack_newsletter_tier_id":0,"_jetpack_memberships_contains_paywalled_content":false,"_jetpack_memberships_contains_paid_content":false,"footnotes":"","jetpack_publicize_message":"","jetpack_publicize_feature_enabled":true,"jetpack_social_post_already_shared":false,"jetpack_social_options":{"image_generator_settings":{"template":"highway","default_image_id":0,"enabled":false},"version":2}},"categories":[9,13,14,15],"tags":[],"class_list":["post-98","post","type-post","status-publish","format-standard","has-post-thumbnail","hentry","category-confederacion","category-internacional","category-movimientos-sociales","category-nacional"],"jetpack_publicize_connections":[],"jetpack_featured_media_url":"https:\/\/www.confederaciondelcobre.cl\/wp-content\/uploads\/2019\/11\/ConfPazEnLatAm.jpg","jetpack_sharing_enabled":true,"post_mailing_queue_ids":[],"_links":{"self":[{"href":"https:\/\/www.confederaciondelcobre.cl\/index.php\/wp-json\/wp\/v2\/posts\/98","targetHints":{"allow":["GET"]}}],"collection":[{"href":"https:\/\/www.confederaciondelcobre.cl\/index.php\/wp-json\/wp\/v2\/posts"}],"about":[{"href":"https:\/\/www.confederaciondelcobre.cl\/index.php\/wp-json\/wp\/v2\/types\/post"}],"author":[{"embeddable":true,"href":"https:\/\/www.confederaciondelcobre.cl\/index.php\/wp-json\/wp\/v2\/users\/2"}],"replies":[{"embeddable":true,"href":"https:\/\/www.confederaciondelcobre.cl\/index.php\/wp-json\/wp\/v2\/comments?post=98"}],"version-history":[{"count":1,"href":"https:\/\/www.confederaciondelcobre.cl\/index.php\/wp-json\/wp\/v2\/posts\/98\/revisions"}],"predecessor-version":[{"id":99,"href":"https:\/\/www.confederaciondelcobre.cl\/index.php\/wp-json\/wp\/v2\/posts\/98\/revisions\/99"}],"wp:featuredmedia":[{"embeddable":true,"href":"https:\/\/www.confederaciondelcobre.cl\/index.php\/wp-json\/wp\/v2\/media\/100"}],"wp:attachment":[{"href":"https:\/\/www.confederaciondelcobre.cl\/index.php\/wp-json\/wp\/v2\/media?parent=98"}],"wp:term":[{"taxonomy":"category","embeddable":true,"href":"https:\/\/www.confederaciondelcobre.cl\/index.php\/wp-json\/wp\/v2\/categories?post=98"},{"taxonomy":"post_tag","embeddable":true,"href":"https:\/\/www.confederaciondelcobre.cl\/index.php\/wp-json\/wp\/v2\/tags?post=98"}],"curies":[{"name":"wp","href":"https:\/\/api.w.org\/{rel}","templated":true}]}}